{"id":16336,"date":"2023-07-05T10:37:23","date_gmt":"2023-07-05T13:37:23","guid":{"rendered":"http:\/\/dgospel.com.br\/portal\/?p=16336"},"modified":"2023-07-05T10:37:24","modified_gmt":"2023-07-05T13:37:24","slug":"nikolas-ferreira-defende-direito-de-evangelicos-pregarem-querem-nos-amordacar","status":"publish","type":"post","link":"https:\/\/dgospel.com.br\/portal\/index.php\/2023\/07\/05\/nikolas-ferreira-defende-direito-de-evangelicos-pregarem-querem-nos-amordacar\/","title":{"rendered":"Nikolas Ferreira defende direito de evang\u00e9licos pregarem: \u2018Querem nos amorda\u00e7ar\u2019"},"content":{"rendered":"\n<p>O deputado federal<strong><a href=\"https:\/\/guiame.com.br\/gospel\/noticias\/mp-investiga-vereador-nikolas-ferreira-por-denunciar-trans-em-banheiro-feminino.html\">&nbsp;Nikolas Ferreira<\/a><\/strong>&nbsp;(PL) defendeu o direito dos evang\u00e9licos pregarem a B\u00edblia, ap\u00f3s o pastor&nbsp;<strong><a href=\"https:\/\/guiame.com.br\/gospel\/noticias\/mpf-investiga-andre-valadao-por-homofobia-apos-pregacao-sobre-diluvio.html\">Andr\u00e9 Valad\u00e3o ser acusado de homofobia&nbsp;<\/a><\/strong>durante uma ministra\u00e7\u00e3o em sua igreja, no domingo (2).<\/p>\n\n\n\n<p>Na Igreja Lagoinha em Orlando, Valad\u00e3o deu sequ\u00eancia \u00e0 s\u00e9rie de prega\u00e7\u00f5es \u201cCensura N\u00e3o\u201d que fala sobre como a liberdade de express\u00e3o tem sido atacada por aqueles que tentam fazer prevalecer suas ideologias.<\/p>\n\n\n\n<p>Uma de suas falas, no entanto, foi distorcida e ele foi denunciado por homofobia. O Minist\u00e9rio P\u00fablico Federal no Acre (MPF-AC) instaurou, na segunda-feira (3), um procedimento para apurar poss\u00edvel pr\u00e1tica de homofobia por parte do l\u00edder religioso.<\/p>\n\n\n\n<p>Na C\u00e2mara dos Deputados, o deputado Henrique Vieira (PSOL) atacou Valad\u00e3o, afirmando que os pastores incentivam a viol\u00eancia contra a comunidade LGBT.&nbsp;<\/p>\n\n\n\n<p><strong>Fala manipulada<\/strong><\/p>\n\n\n\n<p>Em resposta,&nbsp;<strong><a href=\"https:\/\/guiame.com.br\/gospel\/noticias\/nikolas-ferreira-o-cristao-pode-ser-luz-em-qualquer-lugar-por-que-nao-na-politica.html\">Nikolas<\/a><\/strong>&nbsp;denunciou que a fala de Andr\u00e9 foi retirada de contexto e manipulada.&nbsp;<\/p>\n\n\n\n<p>\u201cEu nasci para ver comunista ensinar a como ler a B\u00edblia. Gente que nunca abriu um vers\u00edculo, pessoas que n\u00e3o tem comunh\u00e3o nenhuma com Deus. Tive que ouvir um \u2018pastor da Shopee\u2019 e a sua \u2018igreja invis\u00edvel\u2019 dizer que o pastor Andr\u00e9 Valad\u00e3o queria matar homossexuais\u201d, afirmou.<\/p>\n\n\n\n<p>\u201cPara de inventar isso! Ao contr\u00e1rio, sabe quem matava homossexuais? O Fidel Castro, que falou para a Folha de S\u00e3o Paulo que matava e perseguia homossexuais em Cuba. Voc\u00eas mataram nossos irm\u00e3os! E agora querem colocar como se n\u00f3s crist\u00e3os estiv\u00e9ssemos incitando o \u00f3dio\u201d.<\/p>\n\n\n\n<p>Ferreira defendeu que pregar o Evangelho n\u00e3o deve ser considerado crime. \u201cCombater o pecado n\u00e3o quer dizer incita\u00e7\u00e3o ao \u00f3dio. Dizer que n\u00f3s n\u00e3o queremos que o homossexualismo continue como pr\u00e1tica bela e moral \u00e9 direito nosso. Eu digo: homossexualidade \u00e9 pecado\u201d, ressaltou ele.<\/p>\n\n\n\n<p><strong>Amea\u00e7a \u00e0 liberdade de express\u00e3o<\/strong><\/p>\n\n\n\n<p>Para Nikolas, a liberdade de express\u00e3o est\u00e1 sendo amea\u00e7ada. \u201cQuerem dizer que a gente n\u00e3o pode chamar pecado de pecado. Querem dizer para os crist\u00e3os de todo o Brasil: \u2018ignorem a B\u00edblia\u2019. N\u00e3o v\u00e3o calar os crist\u00e3os, n\u00e3o v\u00e3o tachar pastor Andr\u00e9 Valad\u00e3o de homof\u00f3bico\u201d, disse.<\/p>\n\n\n\n<p>\u201cHoje, se pudessem voc\u00eas amorda\u00e7ariam os crist\u00e3o, colocariam os crist\u00e3os na cadeia porque n\u00e3o aguentam ouvir o contradit\u00f3rio. Querem usar o nome de Cristo para calar outras pessoas\u201d.<\/p>\n\n\n\n<p>E concluiu: \u201cQuerem tirar nossa liberdade de dizer o que achamos correto. Essa \u00e9 a liberdade de voc\u00eas? Enquanto estivermos de p\u00e9, n\u00e3o tem ningu\u00e9m que nos cale, nem mesmo o inferno. N\u00f3s vamos resistir\u201d.<\/p>\n\n\n\n<p><a href=\"https:\/\/www.instagram.com\/p\/CuQVdVmpYjX\/\">https:\/\/www.instagram.com\/p\/CuQVdVmpYjX\/<\/a><\/p>\n","protected":false},"excerpt":{"rendered":"<p>O deputado federal&nbsp;Nikolas Ferreira&nbsp;(PL) defendeu o direito dos evang\u00e9licos pregarem a B\u00edblia, ap\u00f3s o pastor&nbsp;Andr\u00e9 Valad\u00e3o ser acusado de homofobia&nbsp;durante uma ministra\u00e7\u00e3o em sua igreja, no domingo (2). Na Igreja Lagoinha em Orlando, Valad\u00e3o deu sequ\u00eancia \u00e0 s\u00e9rie de prega\u00e7\u00f5es \u201cCensura N\u00e3o\u201d que fala sobre como a liberdade de express\u00e3o tem sido atacada por aqueles [&hellip;]<\/p>\n","protected":false},"author":2,"featured_media":16337,"comment_status":"open","ping_status":"open","sticky":false,"template":"","format":"standard","meta":[],"categories":[8],"tags":[],"_links":{"self":[{"href":"https:\/\/dgospel.com.br\/portal\/index.php\/wp-json\/wp\/v2\/posts\/16336"}],"collection":[{"href":"https:\/\/dgospel.com.br\/portal\/index.php\/wp-json\/wp\/v2\/posts"}],"about":[{"href":"https:\/\/dgospel.com.br\/portal\/index.php\/wp-json\/wp\/v2\/types\/post"}],"author":[{"embeddable":true,"href":"https:\/\/dgospel.com.br\/portal\/index.php\/wp-json\/wp\/v2\/users\/2"}],"replies":[{"embeddable":true,"href":"https:\/\/dgospel.com.br\/portal\/index.php\/wp-json\/wp\/v2\/comments?post=16336"}],"version-history":[{"count":1,"href":"https:\/\/dgospel.com.br\/portal\/index.php\/wp-json\/wp\/v2\/posts\/16336\/revisions"}],"predecessor-version":[{"id":16338,"href":"https:\/\/dgospel.com.br\/portal\/index.php\/wp-json\/wp\/v2\/posts\/16336\/revisions\/16338"}],"wp:featuredmedia":[{"embeddable":true,"href":"https:\/\/dgospel.com.br\/portal\/index.php\/wp-json\/wp\/v2\/media\/16337"}],"wp:attachment":[{"href":"https:\/\/dgospel.com.br\/portal\/index.php\/wp-json\/wp\/v2\/media?parent=16336"}],"wp:term":[{"taxonomy":"category","embeddable":true,"href":"https:\/\/dgospel.com.br\/portal\/index.php\/wp-json\/wp\/v2\/categories?post=16336"},{"taxonomy":"post_tag","embeddable":true,"href":"https:\/\/dgospel.com.br\/portal\/index.php\/wp-json\/wp\/v2\/tags?post=16336"}],"curies":[{"name":"wp","href":"https:\/\/api.w.org\/{rel}","templated":true}]}}