{"id":16339,"date":"2023-07-05T22:51:20","date_gmt":"2023-07-06T01:51:20","guid":{"rendered":"http:\/\/dgospel.com.br\/portal\/?p=16339"},"modified":"2023-07-05T22:51:22","modified_gmt":"2023-07-06T01:51:22","slug":"ex-governador-siqueira-campos-e-enterrado-em-palmas","status":"publish","type":"post","link":"https:\/\/dgospel.com.br\/portal\/index.php\/2023\/07\/05\/ex-governador-siqueira-campos-e-enterrado-em-palmas\/","title":{"rendered":"Ex-governador Siqueira Campos \u00e9 enterrado em Palmas"},"content":{"rendered":"\n<p>O&nbsp;<a href=\"https:\/\/g1.globo.com\/to\/tocantins\/noticia\/2023\/07\/04\/morre-siqueira-campos-ex-governador-e-criador-do-estado-do-tocantins-aos-94-anos.ghtml\">corpo do ex-governador Jos\u00e9 Wilson Siqueira Campos, de 94 anos,&nbsp;<\/a>foi enterrado pouco depois das 18h desta quarta-feira (5), no cemit\u00e9rio Jardim das Ac\u00e1cias, em Palmas. O vel\u00f3rio aconteceu durante todo o dia no Pal\u00e1cio Araguaia e diversas autoridades, pol\u00edticos e amigos passaram para prestar homenagens.<\/p>\n\n\n\n<p>Siqueira morreu \u00e0s 19h25 desta ter\u00e7a-feira (4). Ele estava internado desde o dia 29 de junho na UTI de um hospital particular em Palmas e n\u00e3o resistiu ap\u00f3s uma infec\u00e7\u00e3o generalizada.<\/p>\n\n\n\n<p>Assim como chegou ao Pal\u00e1cio Araguaia para o vel\u00f3rio, na manh\u00e3 desta quarta-feira (5), o pol\u00edtico foi levado ao cemit\u00e9rio em um caminh\u00e3o do Corpo de Bombeiros, logo ap\u00f3s a missa de corpo presente celebrada pelo dom Pedro Brito Guimar\u00e3es, arcebispo de Palmas.<\/p>\n\n\n\n<p><a href=\"https:\/\/g1.globo.com\/to\/tocantins\/quiz\/siqueira-campos-veja-trajeto-do-cortejo-com-o-corpo-do-ex-governador-ate-o-cemiterio.ghtml\">Uma fila de carros acompanhou o cortejo<\/a>, que passou pela avenida JK at\u00e9 a TO-050, depois fez o contorno na sa\u00edda para Aparecida do Rio Negro e seguiu at\u00e9 o cemit\u00e9rio.<\/p>\n\n\n\n<p>O caminh\u00e3o chegou ao local \u00e0s 18h10. Em cima do caminh\u00e3o tamb\u00e9m estavam filhos do pol\u00edtico, entre eles o ex-deputado estadual Eduardo Siqueira Campos. Integrantes da corpora\u00e7\u00e3o ajudaram a descer o caix\u00e3o do ve\u00edculo.<\/p>\n\n\n\n<p><\/p>\n\n\n\n<figure class=\"wp-block-image size-full\"><img loading=\"lazy\" width=\"984\" height=\"430\" src=\"http:\/\/dgospel.com.br\/portal\/wp-content\/uploads\/2023\/07\/00.webp\" alt=\"\" class=\"wp-image-16341\" srcset=\"https:\/\/dgospel.com.br\/portal\/wp-content\/uploads\/2023\/07\/00.webp 984w, https:\/\/dgospel.com.br\/portal\/wp-content\/uploads\/2023\/07\/00-300x131.webp 300w, https:\/\/dgospel.com.br\/portal\/wp-content\/uploads\/2023\/07\/00-768x336.webp 768w\" sizes=\"(max-width: 984px) 100vw, 984px\" \/><\/figure>\n\n\n\n<p>No cemit\u00e9rio, amigos e parentes j\u00e1 aguardavam no espa\u00e7o reservado para o sepultamento. Siqueira foi enterrado ao lado do neto Gabriel Marques Siqueira Campos, que morreu aos 12 anos em um acidente a\u00e9reo, em 2011.<\/p>\n\n\n\n<p>A banda da Pol\u00edcia Militar tamb\u00e9m prestou a \u00faltimas homenagens ao gestor,\u00a0considerado o criador do estado do Tocantins.<\/p>\n\n\n\n<p><\/p>\n\n\n\n<figure class=\"wp-block-image size-full\"><img loading=\"lazy\" width=\"984\" height=\"460\" src=\"http:\/\/dgospel.com.br\/portal\/wp-content\/uploads\/2023\/07\/0-8.webp\" alt=\"\" class=\"wp-image-16342\" srcset=\"https:\/\/dgospel.com.br\/portal\/wp-content\/uploads\/2023\/07\/0-8.webp 984w, https:\/\/dgospel.com.br\/portal\/wp-content\/uploads\/2023\/07\/0-8-300x140.webp 300w, https:\/\/dgospel.com.br\/portal\/wp-content\/uploads\/2023\/07\/0-8-768x359.webp 768w\" sizes=\"(max-width: 984px) 100vw, 984px\" \/><\/figure>\n\n\n\n<p>Por volta das 18h30, a sepultura precisou ser lacrada e o momento foi marcado por aplausos dos presentes.<\/p>\n\n\n\n<p>Siqueira deixa esposa e oito filhos. O ex-governador foi casado durante mais de 40 anos com Aureny Siqueira Campos, com quem teve seis filhos. Em homenagem a ela foram batizados quatro bairros de Palmas. Os dois continuaram tendo uma rela\u00e7\u00e3o cordial at\u00e9 a morte dela, em novembro de 2020. Ap\u00f3s o div\u00f3rcio, Siqueira casou-se com Maril\u00facia Leandro Uch\u00f4a Siqueira Campos, com quem teve mais dois filhos.<\/p>\n","protected":false},"excerpt":{"rendered":"<p>O&nbsp;corpo do ex-governador Jos\u00e9 Wilson Siqueira Campos, de 94 anos,&nbsp;foi enterrado pouco depois das 18h desta quarta-feira (5), no cemit\u00e9rio Jardim das Ac\u00e1cias, em Palmas. O vel\u00f3rio aconteceu durante todo o dia no Pal\u00e1cio Araguaia e diversas autoridades, pol\u00edticos e amigos passaram para prestar homenagens. Siqueira morreu \u00e0s 19h25 desta ter\u00e7a-feira (4). Ele estava internado [&hellip;]<\/p>\n","protected":false},"author":2,"featured_media":16340,"comment_status":"open","ping_status":"open","sticky":false,"template":"","format":"standard","meta":[],"categories":[3],"tags":[],"_links":{"self":[{"href":"https:\/\/dgospel.com.br\/portal\/index.php\/wp-json\/wp\/v2\/posts\/16339"}],"collection":[{"href":"https:\/\/dgospel.com.br\/portal\/index.php\/wp-json\/wp\/v2\/posts"}],"about":[{"href":"https:\/\/dgospel.com.br\/portal\/index.php\/wp-json\/wp\/v2\/types\/post"}],"author":[{"embeddable":true,"href":"https:\/\/dgospel.com.br\/portal\/index.php\/wp-json\/wp\/v2\/users\/2"}],"replies":[{"embeddable":true,"href":"https:\/\/dgospel.com.br\/portal\/index.php\/wp-json\/wp\/v2\/comments?post=16339"}],"version-history":[{"count":1,"href":"https:\/\/dgospel.com.br\/portal\/index.php\/wp-json\/wp\/v2\/posts\/16339\/revisions"}],"predecessor-version":[{"id":16343,"href":"https:\/\/dgospel.com.br\/portal\/index.php\/wp-json\/wp\/v2\/posts\/16339\/revisions\/16343"}],"wp:featuredmedia":[{"embeddable":true,"href":"https:\/\/dgospel.com.br\/portal\/index.php\/wp-json\/wp\/v2\/media\/16340"}],"wp:attachment":[{"href":"https:\/\/dgospel.com.br\/portal\/index.php\/wp-json\/wp\/v2\/media?parent=16339"}],"wp:term":[{"taxonomy":"category","embeddable":true,"href":"https:\/\/dgospel.com.br\/portal\/index.php\/wp-json\/wp\/v2\/categories?post=16339"},{"taxonomy":"post_tag","embeddable":true,"href":"https:\/\/dgospel.com.br\/portal\/index.php\/wp-json\/wp\/v2\/tags?post=16339"}],"curies":[{"name":"wp","href":"https:\/\/api.w.org\/{rel}","templated":true}]}}