{"id":16347,"date":"2023-07-06T08:54:52","date_gmt":"2023-07-06T11:54:52","guid":{"rendered":"http:\/\/dgospel.com.br\/portal\/?p=16347"},"modified":"2023-07-06T08:54:53","modified_gmt":"2023-07-06T11:54:53","slug":"74-deputados-propoem-reduzir-inelegibilidade-de-bolsonaro","status":"publish","type":"post","link":"https:\/\/dgospel.com.br\/portal\/index.php\/2023\/07\/06\/74-deputados-propoem-reduzir-inelegibilidade-de-bolsonaro\/","title":{"rendered":"74 deputados prop\u00f5em reduzir inelegibilidade de Bolsonaro"},"content":{"rendered":"\n<p>Nesta quarta-feira (5), deputados apoiadores do ex-presidente Jair Bolsonaro (PL) apresentaram uma proposta para reduzir o per\u00edodo de sua inelegibilidade de oito para dois anos. Dessa forma, o ex-chefe do Executivo poderia voltar a se candidatar j\u00e1 em 2024.<\/p>\n\n\n\n<p>Segundo informa\u00e7\u00f5es do portal Metr\u00f3poles, foram 74 parlamentares que assinaram o documento, incluindo pol\u00edticos de legendas da base aliada do presidente Luiz In\u00e1cio Lula da Silva (PT): o PSD e o MDB, que controlam juntos seis minist\u00e9rios do governo petista. Tamb\u00e9m apoiaram a proposta congressistas do PL, Republicanos, PP e Podemos.<\/p>\n\n\n\n<p>No texto, os parlamentares utilizam declara\u00e7\u00f5es de dois ministros do Supremo Tribunal Federal (STF): uma de Lu\u00eds Roberto Barroso a fragmenta\u00e7\u00e3o do tempo de inelegibilidade, e outra de Alexandre de Moraes, destacando que o \u201cprazo previsto no dispositivo \u00e9 uma op\u00e7\u00e3o pol\u00edtica legislativa para garantir a efetividade das normas relativas \u00e0 moralidade administrativa\u201d, sendo cab\u00edvel a sua \u201can\u00e1lise e altera\u00e7\u00e3o\u201d.<\/p>\n\n\n\n<p>Bolsonaro foi condenado pelo Tribunal Superior Eleitoral (TSE) em placar de 5 a 2 por abuso de poder pol\u00edtico e uso indevido dos meios de comunica\u00e7\u00e3o em reuni\u00e3o feita com embaixadores para criticar as urnas eletr\u00f4nicas. Neste momento, ele est\u00e1 impedido de se candidatar a cargos pol\u00edticos at\u00e9 as elei\u00e7\u00f5es de 2030.<\/p>\n","protected":false},"excerpt":{"rendered":"<p>Nesta quarta-feira (5), deputados apoiadores do ex-presidente Jair Bolsonaro (PL) apresentaram uma proposta para reduzir o per\u00edodo de sua inelegibilidade de oito para dois anos. Dessa forma, o ex-chefe do Executivo poderia voltar a se candidatar j\u00e1 em 2024. Segundo informa\u00e7\u00f5es do portal Metr\u00f3poles, foram 74 parlamentares que assinaram o documento, incluindo pol\u00edticos de legendas [&hellip;]<\/p>\n","protected":false},"author":2,"featured_media":16348,"comment_status":"open","ping_status":"open","sticky":false,"template":"","format":"standard","meta":[],"categories":[4],"tags":[],"_links":{"self":[{"href":"https:\/\/dgospel.com.br\/portal\/index.php\/wp-json\/wp\/v2\/posts\/16347"}],"collection":[{"href":"https:\/\/dgospel.com.br\/portal\/index.php\/wp-json\/wp\/v2\/posts"}],"about":[{"href":"https:\/\/dgospel.com.br\/portal\/index.php\/wp-json\/wp\/v2\/types\/post"}],"author":[{"embeddable":true,"href":"https:\/\/dgospel.com.br\/portal\/index.php\/wp-json\/wp\/v2\/users\/2"}],"replies":[{"embeddable":true,"href":"https:\/\/dgospel.com.br\/portal\/index.php\/wp-json\/wp\/v2\/comments?post=16347"}],"version-history":[{"count":1,"href":"https:\/\/dgospel.com.br\/portal\/index.php\/wp-json\/wp\/v2\/posts\/16347\/revisions"}],"predecessor-version":[{"id":16349,"href":"https:\/\/dgospel.com.br\/portal\/index.php\/wp-json\/wp\/v2\/posts\/16347\/revisions\/16349"}],"wp:featuredmedia":[{"embeddable":true,"href":"https:\/\/dgospel.com.br\/portal\/index.php\/wp-json\/wp\/v2\/media\/16348"}],"wp:attachment":[{"href":"https:\/\/dgospel.com.br\/portal\/index.php\/wp-json\/wp\/v2\/media?parent=16347"}],"wp:term":[{"taxonomy":"category","embeddable":true,"href":"https:\/\/dgospel.com.br\/portal\/index.php\/wp-json\/wp\/v2\/categories?post=16347"},{"taxonomy":"post_tag","embeddable":true,"href":"https:\/\/dgospel.com.br\/portal\/index.php\/wp-json\/wp\/v2\/tags?post=16347"}],"curies":[{"name":"wp","href":"https:\/\/api.w.org\/{rel}","templated":true}]}}