{"id":16350,"date":"2023-07-06T09:03:59","date_gmt":"2023-07-06T12:03:59","guid":{"rendered":"http:\/\/dgospel.com.br\/portal\/?p=16350"},"modified":"2023-07-06T09:04:00","modified_gmt":"2023-07-06T12:04:00","slug":"opositora-de-maduro-critica-lula-posicao-inadmissivel","status":"publish","type":"post","link":"https:\/\/dgospel.com.br\/portal\/index.php\/2023\/07\/06\/opositora-de-maduro-critica-lula-posicao-inadmissivel\/","title":{"rendered":"Opositora de Maduro critica Lula: \u201cPosi\u00e7\u00e3o inadmiss\u00edvel\u201d"},"content":{"rendered":"\n<p>Mar\u00eda Corina Machado, opositora de Nicol\u00e1s Maduro, disse que a \u201cposi\u00e7\u00e3o de Lula sobre Venezuela \u00e9 inadmiss\u00edvel\u201d. Ela deu declara\u00e7\u00f5es ao jornal O Globo.<\/p>\n\n\n\n<p>Corina afirmou ainda que a atitude do presidente brasileiro prejudica a credibilidade do Brasil, caso o pa\u00eds atue como facilitador no processo de negocia\u00e7\u00e3o entre Maduro e a oposi\u00e7\u00e3o.<\/p>\n\n\n\n<p>\u2013 Me preocupa muito, n\u00e3o apenas pela Venezuela. A influ\u00eancia do Brasil na regi\u00e3o e fora dela \u00e9 indiscut\u00edvel. Mas tamb\u00e9m me preocupa pelo Brasil, porque n\u00e3o pode existir uma vis\u00e3o de dois pesos duas medidas. Ou seja, o que n\u00e3o aceitariam para o Brasil, n\u00e3o podem pretender impor \u00e0 Venezuela. Sejam por raz\u00f5es de afinidade ideol\u00f3gica ou projetos em comum, a posi\u00e7\u00e3o de Lula \u00e9 inadmiss\u00edvel a esta altura do jogo, com 25% da sociedade venezuelana espalhados pelo mundo, milhares no Brasil; com uma investiga\u00e7\u00e3o sobre crimes de lesa-Humanidade avan\u00e7ando no Tribunal Penal Internacional; quando existem acusa\u00e7\u00f5es bem documentadas na Justi\u00e7a internacional sobre corrup\u00e7\u00e3o, narcotr\u00e1fico, lavagem de d\u00f3lares e financiamento do terrorismo; Maduro \u00e9 t\u00f3xico. Acho que o governo brasileiro pode contribuir de maneira significativa para uma transi\u00e7\u00e3o pac\u00edfica na Venezuela, mas n\u00e3o botando panos quentes e justificando os crimes de Maduro. Assim, o Brasil perde autoridade moral frente aos demais atores democr\u00e1ticos para se tornar um interlocutor confi\u00e1vel. N\u00e3o pode demonstrar esse n\u00edvel de suposta ignor\u00e2ncia \u2013 falou.<\/p>\n\n\n\n<p>Machado foi impedida de concorrer \u00e0s elei\u00e7\u00f5es em seu pa\u00eds como puni\u00e7\u00e3o da Controladoria-Geral da Venezuela. Ela est\u00e1 proibida de participar do pleito pelos pr\u00f3ximos 15 anos.<\/p>\n\n\n\n<p>Mar\u00eda Corina Machado ser\u00e1 ouvida pela Comiss\u00e3o de Seguran\u00e7a P\u00fablica do Senado brasileiro. O colegiado aprovou o requerimento de autoria do senador Sergio Moro (Uni\u00e3o Brasil-PR). A oitiva, prevista para agosto.<\/p>\n\n\n\n<p>Ainda ao jornal carioca, ela disse que gostaria de conversar com Lula.<\/p>\n\n\n\n<p>\u2013 Gostaria de poder explicar pessoalmente ao presidente Lula o que est\u00e1 acontecendo em meu pa\u00eds, e minha situa\u00e7\u00e3o. Nenhum representante do governo brasileiro se comunicou comigo. Tivemos pronunciamentos dos Estados Unidos, Canad\u00e1, Reino Unido, Fran\u00e7a, Chile, Col\u00f4mbia. Um pronunciamento do Brasil favoreceria uma eventual posi\u00e7\u00e3o do governo de Lula como facilitador de um processo na Venezuela. O fato de o Brasil n\u00e3o se pronunciar afeta a confian\u00e7a de setores no pa\u00eds \u2013 disse.<\/p>\n\n\n\n<p>Segundo Corina, at\u00e9 o Partido Comunista foi contra sua inabilita\u00e7\u00e3o.<\/p>\n\n\n\n<p>\u2013 Tivemos um aprendizado brutal, de conquistas, fracassos e trai\u00e7\u00f5es. Para muitos, esta \u00e9 nossa \u00faltima oportunidade. As pessoas me dizem que mais seis anos e v\u00e3o morrer. Os jovens me dizem que n\u00e3o querem ir embora do pa\u00eds. Sobre a uni\u00e3o da oposi\u00e7\u00e3o, tivemos diferentes momentos. Quando tivemos um caminho genu\u00edno, estivemos unidos. Mas houve grandes decep\u00e7\u00f5es. Por outro lado, esses tipos de regimes n\u00e3o t\u00eam escr\u00fapulos, penetram, cooptam e destroem pessoas boas. N\u00f3s queremos unir a sociedade, n\u00e3o as c\u00fapulas dos partidos. O chavismo buscou nos dividir, e a derrocada chavista voltou a nos unir. At\u00e9 o Partido Comunista se pronunciou contra minha inabilita\u00e7\u00e3o. Esta \u00e9 uma luta entre o bem e o mal. Temos de abrir os bra\u00e7os e reconhecer que todos erramos \u2013 disse ainda ao jornal O Globo.<\/p>\n","protected":false},"excerpt":{"rendered":"<p>Mar\u00eda Corina Machado, opositora de Nicol\u00e1s Maduro, disse que a \u201cposi\u00e7\u00e3o de Lula sobre Venezuela \u00e9 inadmiss\u00edvel\u201d. Ela deu declara\u00e7\u00f5es ao jornal O Globo. Corina afirmou ainda que a atitude do presidente brasileiro prejudica a credibilidade do Brasil, caso o pa\u00eds atue como facilitador no processo de negocia\u00e7\u00e3o entre Maduro e a oposi\u00e7\u00e3o. \u2013 Me [&hellip;]<\/p>\n","protected":false},"author":2,"featured_media":16351,"comment_status":"open","ping_status":"open","sticky":false,"template":"","format":"standard","meta":[],"categories":[16],"tags":[],"_links":{"self":[{"href":"https:\/\/dgospel.com.br\/portal\/index.php\/wp-json\/wp\/v2\/posts\/16350"}],"collection":[{"href":"https:\/\/dgospel.com.br\/portal\/index.php\/wp-json\/wp\/v2\/posts"}],"about":[{"href":"https:\/\/dgospel.com.br\/portal\/index.php\/wp-json\/wp\/v2\/types\/post"}],"author":[{"embeddable":true,"href":"https:\/\/dgospel.com.br\/portal\/index.php\/wp-json\/wp\/v2\/users\/2"}],"replies":[{"embeddable":true,"href":"https:\/\/dgospel.com.br\/portal\/index.php\/wp-json\/wp\/v2\/comments?post=16350"}],"version-history":[{"count":1,"href":"https:\/\/dgospel.com.br\/portal\/index.php\/wp-json\/wp\/v2\/posts\/16350\/revisions"}],"predecessor-version":[{"id":16352,"href":"https:\/\/dgospel.com.br\/portal\/index.php\/wp-json\/wp\/v2\/posts\/16350\/revisions\/16352"}],"wp:featuredmedia":[{"embeddable":true,"href":"https:\/\/dgospel.com.br\/portal\/index.php\/wp-json\/wp\/v2\/media\/16351"}],"wp:attachment":[{"href":"https:\/\/dgospel.com.br\/portal\/index.php\/wp-json\/wp\/v2\/media?parent=16350"}],"wp:term":[{"taxonomy":"category","embeddable":true,"href":"https:\/\/dgospel.com.br\/portal\/index.php\/wp-json\/wp\/v2\/categories?post=16350"},{"taxonomy":"post_tag","embeddable":true,"href":"https:\/\/dgospel.com.br\/portal\/index.php\/wp-json\/wp\/v2\/tags?post=16350"}],"curies":[{"name":"wp","href":"https:\/\/api.w.org\/{rel}","templated":true}]}}