{"id":16356,"date":"2023-07-06T09:19:24","date_gmt":"2023-07-06T12:19:24","guid":{"rendered":"http:\/\/dgospel.com.br\/portal\/?p=16356"},"modified":"2023-07-06T09:19:25","modified_gmt":"2023-07-06T12:19:25","slug":"brasil-pode-ter-uma-vice-presidente-evangelica-em-2026-articulam-politicos","status":"publish","type":"post","link":"https:\/\/dgospel.com.br\/portal\/index.php\/2023\/07\/06\/brasil-pode-ter-uma-vice-presidente-evangelica-em-2026-articulam-politicos\/","title":{"rendered":"Brasil pode ter uma vice-presidente evang\u00e9lica em 2026, articulam pol\u00edticos"},"content":{"rendered":"\n<p>Com a inelegibilidade do ex-presidente da Rep\u00fablica decretada pelo Tribunal Superior Eleitoral (TSE), alguns dos seus aliados j\u00e1 est\u00e3o especulando as possibilidades para o enfrentamento da esquerda pol\u00edtica nacional na disputa presidencial de 2026, e nesse quesito um nome tem se destacado:&nbsp;<a href=\"https:\/\/noticias.gospelmais.com.br\/presidente-evangelica-aceitacao-michelle-bolsonaro-160351.html\">o de Michelle Bolsonaro&nbsp;<\/a>para vice-presidente<a href=\"https:\/\/noticias.gospelmais.com.br\/presidente-evangelica-aceitacao-michelle-bolsonaro-160351.html\">.<\/a><\/p>\n\n\n\n<p>A ex-primeira-dama tem sido vista como uma forte concorrente ao p\u00e1reo presidencial em 2026, mas n\u00e3o necessariamente como titular do cargo principal, e sim como vice-presidente.<\/p>\n\n\n\n<p>Lideran\u00e7as evang\u00e9licas aliadas ao ex-presidente Jair Bolsonaro cogitam o nome do governador Tarc\u00edsio de Freitas para a disputa presidencial, tendo Michelle como vice em sua chapa, segundo informa\u00e7\u00f5es da&nbsp;<a href=\"https:\/\/www1.folha.uol.com.br\/poder\/2023\/07\/evangelicos-aliados-de-bolsonaro-citam-chapa-tarcisio-michelle-para-2026.shtml\">Folha de S. Paulo<\/a>.<\/p>\n\n\n\n<p>Agora a frente do governo de S\u00e3o Paulo, maior metr\u00f3pole da Am\u00e9rica Latina, mas j\u00e1 tendo atuado com sucesso como ministro da Infraestrutura, o engenheiro reservista do Ex\u00e9rcito, Tarc\u00edsio, \u00e9 tido como algu\u00e9m que re\u00fane o maior n\u00famero de vantagens para a elei\u00e7\u00e3o presidencial.<\/p>\n\n\n\n<p>Isso, porque, acredita-se que Tarc\u00edsio chegar\u00e1 em 2026 com uma \u00f3tima bagagem pol\u00edtica, tendo a oportunidade de convencer o maior col\u00e9gio eleitoral do pa\u00eds, S\u00e3o Paulo, ao longo do seu mandato de governador.<\/p>\n\n\n\n<p>Al\u00e9m disso, muitos tamb\u00e9m acreditam que o engenheiro possui um perfil mais moderado, capaz de agradar n\u00e3o s\u00f3 os simpatizantes do ex-presidente Bolsonaro, como tamb\u00e9m os contr\u00e1rios.<\/p>\n\n\n\n<p>Mas, para o ap\u00f3stolo C\u00e9sar Augusto, l\u00edder da igreja Fonte da Vida, resta saber se Tarc\u00edsio, que \u00e9 cat\u00f3lico e este ano autorizou o repasse de verbas p\u00fablicas para a marcha do Orgulho LGBT+, \u201cvai ter disposi\u00e7\u00e3o de abra\u00e7ar os princ\u00edpios evang\u00e9licos como Bolsonaro fez\u201d, na mesma propor\u00e7\u00e3o, e n\u00e3o s\u00f3 de forma est\u00e9tica.<\/p>\n\n\n\n<h2>O fator Michelle<\/h2>\n\n\n\n<p>Para o ap\u00f3stolo Augusto, por outro lado, Michelle Bolsonaro como vice na chapa de Tarc\u00edsio pode ser o grande fator diferencial na disputa pela presid\u00eancia. \u201cPor ser evang\u00e9lica e se posicionar\u201d, diz o religioso, ela possui a simpatia dos bolsonaristas \u201ce isso \u00e9 incontest\u00e1vel\u201d.<\/p>\n\n\n\n<p>A expectativa \u00e9 de que Tarc\u00edsio seria a face gestora da candidatura, voltada mais para o empresariado, os mercados e os mais moderados, enquanto Michelle seria, em princ\u00edpio, o lado em defesa das pautas morais ligadas ao segmento religioso, precisamente crist\u00e3os evang\u00e9licos e cat\u00f3licos conservadores.<\/p>\n\n\n\n<p>O bispo Robson Rodovalho, da igreja Sara Nossa Terra, e o pastor Silas Malafaia, da Assembleia de Deus Vit\u00f3ria em Cristo (ADVEC), j\u00e1 teriam endossado a possibilidade da chapa Tarc\u00edsio-Michelle, segundo a Folha. \u201cClaro que pode ser\u201d, comentou o segundo.<\/p>\n","protected":false},"excerpt":{"rendered":"<p>Com a inelegibilidade do ex-presidente da Rep\u00fablica decretada pelo Tribunal Superior Eleitoral (TSE), alguns dos seus aliados j\u00e1 est\u00e3o especulando as possibilidades para o enfrentamento da esquerda pol\u00edtica nacional na disputa presidencial de 2026, e nesse quesito um nome tem se destacado:&nbsp;o de Michelle Bolsonaro&nbsp;para vice-presidente. A ex-primeira-dama tem sido vista como uma forte concorrente [&hellip;]<\/p>\n","protected":false},"author":2,"featured_media":16357,"comment_status":"open","ping_status":"open","sticky":false,"template":"","format":"standard","meta":[],"categories":[4],"tags":[],"_links":{"self":[{"href":"https:\/\/dgospel.com.br\/portal\/index.php\/wp-json\/wp\/v2\/posts\/16356"}],"collection":[{"href":"https:\/\/dgospel.com.br\/portal\/index.php\/wp-json\/wp\/v2\/posts"}],"about":[{"href":"https:\/\/dgospel.com.br\/portal\/index.php\/wp-json\/wp\/v2\/types\/post"}],"author":[{"embeddable":true,"href":"https:\/\/dgospel.com.br\/portal\/index.php\/wp-json\/wp\/v2\/users\/2"}],"replies":[{"embeddable":true,"href":"https:\/\/dgospel.com.br\/portal\/index.php\/wp-json\/wp\/v2\/comments?post=16356"}],"version-history":[{"count":1,"href":"https:\/\/dgospel.com.br\/portal\/index.php\/wp-json\/wp\/v2\/posts\/16356\/revisions"}],"predecessor-version":[{"id":16358,"href":"https:\/\/dgospel.com.br\/portal\/index.php\/wp-json\/wp\/v2\/posts\/16356\/revisions\/16358"}],"wp:featuredmedia":[{"embeddable":true,"href":"https:\/\/dgospel.com.br\/portal\/index.php\/wp-json\/wp\/v2\/media\/16357"}],"wp:attachment":[{"href":"https:\/\/dgospel.com.br\/portal\/index.php\/wp-json\/wp\/v2\/media?parent=16356"}],"wp:term":[{"taxonomy":"category","embeddable":true,"href":"https:\/\/dgospel.com.br\/portal\/index.php\/wp-json\/wp\/v2\/categories?post=16356"},{"taxonomy":"post_tag","embeddable":true,"href":"https:\/\/dgospel.com.br\/portal\/index.php\/wp-json\/wp\/v2\/tags?post=16356"}],"curies":[{"name":"wp","href":"https:\/\/api.w.org\/{rel}","templated":true}]}}