{"id":16359,"date":"2023-07-06T09:25:45","date_gmt":"2023-07-06T12:25:45","guid":{"rendered":"http:\/\/dgospel.com.br\/portal\/?p=16359"},"modified":"2023-07-06T09:25:47","modified_gmt":"2023-07-06T12:25:47","slug":"feliciano-defende-valadao-contra-fake-news-amanha-voce-pode-ser-a-proxima-vitima","status":"publish","type":"post","link":"https:\/\/dgospel.com.br\/portal\/index.php\/2023\/07\/06\/feliciano-defende-valadao-contra-fake-news-amanha-voce-pode-ser-a-proxima-vitima\/","title":{"rendered":"Feliciano defende Valad\u00e3o contra fake news: \u2018Amanh\u00e3 voc\u00ea pode ser a pr\u00f3xima v\u00edtima\u2019"},"content":{"rendered":"\n<p>O pastor e deputado federal Marco Feliciano saiu em defesa do colega protestante Andr\u00e9 Valad\u00e3o, l\u00edder global da Igreja Batista da Lagoinha, que passou a ser alvo de&nbsp;<em>fake news<\/em>&nbsp;ap\u00f3s fazer uma prega\u00e7\u00e3o em defesa do posicionamento da Igreja Crist\u00e3 diante do avan\u00e7o da agenda LGBT+ no mundo.<\/p>\n\n\n\n<p>Em sua \u00faltima ministra\u00e7\u00e3o na Lagoinha Church de Orlando, Estados Unidos, Valad\u00e3o fez uma analogia com o mundo antigo, lembrando de quando Deus enviou um grande dil\u00favio \u00e0 Terra, a fim de destruir praticamente toda a humanidade, preservando apenas a vida de No\u00e9, sua fam\u00edlia e um casal das esp\u00e9cies de animais existentes.<\/p>\n\n\n\n<p>O motivo da destrui\u00e7\u00e3o, segundo a B\u00edblia, foi a ira de Deus diante da grande quantidade de pecados cometidos por \u00e0quela gera\u00e7\u00e3o, o que inclu\u00eda a imoralidade sexual. O registro b\u00edblico, do qual Andr\u00e9 Valad\u00e3o fez refer\u00eancia, pode ser lido no recorte abaixo, situado em G\u00eanesis 6:5-7:<\/p>\n\n\n\n<p><em>\u201cE viu o Senhor que a maldade do homem se multiplicara sobre a terra e que toda a imagina\u00e7\u00e3o dos pensamentos de seu cora\u00e7\u00e3o era s\u00f3 m\u00e1 continuamente. Ent\u00e3o arrependeu-se o Senhor de haver feito o homem sobre a terra e pesou-lhe em seu cora\u00e7\u00e3o. E disse o Senhor: Destruirei o homem que criei de sobre a face da terra, desde o homem at\u00e9 ao animal, at\u00e9 ao r\u00e9ptil, e at\u00e9 \u00e0 ave dos c\u00e9us; porque me arrependo de os haver feito.\u201d<\/em><\/p>\n\n\n\n<p>Assim, com base no relato acima, o pastor da Lagoinha lembrou que ap\u00f3s o dil\u00favio que matou quase toda a humanidade, Deus resolveu fazer uma alian\u00e7a com os seres humanos, prometendo n\u00e3o mais trazer destrui\u00e7\u00e3o \u00e0 Terra. O s\u00edmbolo desse pacto foi o arco-\u00edris.<\/p>\n\n\n\n<p>\u201cA\u00ed Deus fala: \u2018n\u00e3o posso mais, j\u00e1 meti esse arco-\u00edris a\u00ed, se eu pudesse eu matava tudo e come\u00e7ava tudo de novo. Mas j\u00e1 prometi pra mim mesmo que n\u00e3o posso, ent\u00e3o agora t\u00e1 com voc\u00eas\u2019\u201d, afirmou Andr\u00e9 Valad\u00e3o.<\/p>\n\n\n\n<h2>Fake news<\/h2>\n\n\n\n<p>Ap\u00f3s a divulga\u00e7\u00e3o dessa mensagem, m\u00eddias e cr\u00edticos do pastor fizeram um recorde da sua prega\u00e7\u00e3o, onde apenas o trecho acima \u00e9 destacado, a fim de fazer parecer que Andr\u00e9 Valad\u00e3o estaria incitando o assassinato da popula\u00e7\u00e3o LGBT+.<\/p>\n\n\n\n<figure class=\"wp-block-image\" id=\"attachment_163103\"><img src=\"https:\/\/noticias.gospelmais.com.br\/files\/2023\/07\/WhatsApp-Image-2023-07-05-at-12.28.31-600x421.jpeg\" alt=\"\" class=\"wp-image-163103\"\/><figcaption>M\u00eddia distorce prega\u00e7\u00e3o e divulga fake news contra o pastor Andr\u00e9 Valad\u00e3o. Foto: reprodu\u00e7\u00e3o\/Google<\/figcaption><\/figure>\n\n\n\n<p>Conforme a captura de tela acima, alguns ve\u00edculos, como a&nbsp;<em>Carta Capital<\/em>, chegaram a fazer a grave acusa\u00e7\u00e3o de que \u201cAndr\u00e9 Valad\u00e3o diz que evang\u00e9licos deveriam matar LGBTs\u201d, quando n\u00e3o h\u00e1 qualquer fala do pastor a esse respeito em sua ministra\u00e7\u00e3o.<\/p>\n\n\n\n<p>Outros tamb\u00e9m propagaram a informa\u00e7\u00e3o de que o pastor da Lagoinha \u201cincita fi\u00e9is a matar LGBTs em culto\u201d. Ao observar a prega\u00e7\u00e3o de Andr\u00e9 Valad\u00e3o na \u00edntegra, contudo, \u00e9 poss\u00edvel constatar que o l\u00edder religioso n\u00e3o faz qualquer incita\u00e7\u00e3o dessa natureza, mas t\u00e3o somente pede que crist\u00e3os se posicionem no tocante \u00e0 prega\u00e7\u00e3o da verdade sobre a vontade de Deus para a humanidade.<\/p>\n\n\n\n<p>O pr\u00f3prio Andr\u00e9 Valad\u00e3o&nbsp;<strong><a href=\"https:\/\/noticias.gospelmais.com.br\/andre-valadao-atacado-band-pregar-diluvio-arrependimento-163057.html\">gravou um v\u00eddeo posteriormente<\/a><\/strong>&nbsp;para reafirmar o teor da sua ministra\u00e7\u00e3o. \u201cA Palavra tamb\u00e9m deixa claro que os \u00faltimos dias seriam como os dias de No\u00e9. Mas, qual a diferen\u00e7a? \u00c9 que Deus n\u00e3o tem como resetar, Deus n\u00e3o vai matar, Deus n\u00e3o vai recome\u00e7ar a humanidade\u201d, disse ele.<\/p>\n\n\n\n<p>\u201cDentro disso, na minha prega\u00e7\u00e3o, eu deixo claro que cabe a n\u00f3s puxar as cordas e n\u00f3s resetarmos. Quando eu digo isso, n\u00e3o digo \u2018n\u00f3s matarmos\u2019, pelo amor de Deus, gente. Eu n\u00e3o digo \u2018n\u00f3s aniquilarmos pessoas\u2019, n\u00e3o \u00e9? O que eu digo \u00e9: cabe a n\u00f3s levar o homem, o ser humano, ao princ\u00edpio daquela que \u00e9 a vontade de Deus. Cabe a n\u00f3s, crist\u00e3os genu\u00ednos, erguermos a nossa voz e deixarmos claro aquilo que \u00e9 a vontade de Deus\u201d, completou o pastor.<\/p>\n\n\n\n<h2>Feliciano reage<\/h2>\n\n\n\n<p>Com o desenrolar dos ataques contra o l\u00edder global da Lagoinha, o pastor Marco Feliciano subiu \u00e0 Tribuna da C\u00e2mara dos Deputados, na \u00faltima segunda-feira, para defender o colega protestante.<\/p>\n\n\n\n<p>\u201cO pastor Andr\u00e9 Valad\u00e3o, que \u00e9 um homem muito conhecido em nosso meio evang\u00e9lico, \u00e9 um homem \u00edntegro, \u00e9 um homem de fam\u00edlia e tem sido atacado covardemente pela extrema imprensa, que insiste em distorcer suas falas\u201d, disse Feliciano.<\/p>\n\n\n\n<p>O pastor da Igreja Assembleia de Deus tamb\u00e9m lembrou que, em 2013, quando estava prestes a assumir a Comiss\u00e3o de Direitos Humanos da C\u00e2mara, tamb\u00e9m foi alvo de uma s\u00e9rie de ataques de parte da m\u00eddia.<\/p>\n\n\n\n<p>\u201cEle est\u00e1 vivendo o que eu vivi no ano de 2013, quando pegaram falas, separaram palavras e usaram isso publicamente, acabando por destruir a imagem e a reputa\u00e7\u00e3o das pessoas\u201d, destacou.<\/p>\n\n\n\n<p>J\u00e1 em um artigo para o&nbsp;<em>Pleno News<\/em>, Marco Feliciano reafirmou a interpreta\u00e7\u00e3o teol\u00f3gica feita por Valad\u00e3o no tocante ao livro b\u00edblico de G\u00eanesis, lamentando os que \u201ctiram um assunto do contexto e criam um pretexto para atacar a honra de pessoas do bem\u201d.<\/p>\n\n\n\n<p>Por fim, o deputado federal concluiu cobrando posicionamento de outros l\u00edderes crist\u00e3os, lembrando que a omiss\u00e3o, agora, poder\u00e1 custar a pr\u00f3pria liberdade religiosa em um futuro breve:<\/p>\n\n\n\n<p>\u201cToda a Igreja no Brasil est\u00e1 solid\u00e1ria ao pastor Andr\u00e9 Valad\u00e3o\u201d,&nbsp;<a href=\"https:\/\/pleno.news\/opiniao\/marco-feliciano\/a-atitude-canalha-dos-que-atacaram-o-pastor-andre-valadao.html\">escreveu<\/a>&nbsp;Feliciano. \u201cFinalizo alertando os isent\u00f5es que hoje se calam perante ataques a um irm\u00e3o: amanh\u00e3 poder\u00e1 ser voc\u00ea a pr\u00f3xima v\u00edtima. E, pode ser que voc\u00ea fique aguardando uma defesa que poder\u00e1 n\u00e3o vir\u201d.<\/p>\n","protected":false},"excerpt":{"rendered":"<p>O pastor e deputado federal Marco Feliciano saiu em defesa do colega protestante Andr\u00e9 Valad\u00e3o, l\u00edder global da Igreja Batista da Lagoinha, que passou a ser alvo de&nbsp;fake news&nbsp;ap\u00f3s fazer uma prega\u00e7\u00e3o em defesa do posicionamento da Igreja Crist\u00e3 diante do avan\u00e7o da agenda LGBT+ no mundo. Em sua \u00faltima ministra\u00e7\u00e3o na Lagoinha Church de [&hellip;]<\/p>\n","protected":false},"author":2,"featured_media":16360,"comment_status":"open","ping_status":"open","sticky":false,"template":"","format":"standard","meta":[],"categories":[5],"tags":[],"_links":{"self":[{"href":"https:\/\/dgospel.com.br\/portal\/index.php\/wp-json\/wp\/v2\/posts\/16359"}],"collection":[{"href":"https:\/\/dgospel.com.br\/portal\/index.php\/wp-json\/wp\/v2\/posts"}],"about":[{"href":"https:\/\/dgospel.com.br\/portal\/index.php\/wp-json\/wp\/v2\/types\/post"}],"author":[{"embeddable":true,"href":"https:\/\/dgospel.com.br\/portal\/index.php\/wp-json\/wp\/v2\/users\/2"}],"replies":[{"embeddable":true,"href":"https:\/\/dgospel.com.br\/portal\/index.php\/wp-json\/wp\/v2\/comments?post=16359"}],"version-history":[{"count":1,"href":"https:\/\/dgospel.com.br\/portal\/index.php\/wp-json\/wp\/v2\/posts\/16359\/revisions"}],"predecessor-version":[{"id":16361,"href":"https:\/\/dgospel.com.br\/portal\/index.php\/wp-json\/wp\/v2\/posts\/16359\/revisions\/16361"}],"wp:featuredmedia":[{"embeddable":true,"href":"https:\/\/dgospel.com.br\/portal\/index.php\/wp-json\/wp\/v2\/media\/16360"}],"wp:attachment":[{"href":"https:\/\/dgospel.com.br\/portal\/index.php\/wp-json\/wp\/v2\/media?parent=16359"}],"wp:term":[{"taxonomy":"category","embeddable":true,"href":"https:\/\/dgospel.com.br\/portal\/index.php\/wp-json\/wp\/v2\/categories?post=16359"},{"taxonomy":"post_tag","embeddable":true,"href":"https:\/\/dgospel.com.br\/portal\/index.php\/wp-json\/wp\/v2\/tags?post=16359"}],"curies":[{"name":"wp","href":"https:\/\/api.w.org\/{rel}","templated":true}]}}