{"id":16368,"date":"2023-07-11T10:58:37","date_gmt":"2023-07-11T13:58:37","guid":{"rendered":"http:\/\/dgospel.com.br\/portal\/?p=16368"},"modified":"2023-07-11T10:58:38","modified_gmt":"2023-07-11T13:58:38","slug":"leo-barbosa-conclui-o-primeiro-semestre-de-2023-com-balanco-das-acoes-desenvolvidas-em-prol-do-tocantins","status":"publish","type":"post","link":"https:\/\/dgospel.com.br\/portal\/index.php\/2023\/07\/11\/leo-barbosa-conclui-o-primeiro-semestre-de-2023-com-balanco-das-acoes-desenvolvidas-em-prol-do-tocantins\/","title":{"rendered":"L\u00e9o Barbosa conclui o primeiro semestre de 2023 com balan\u00e7o das a\u00e7\u00f5es desenvolvidas em prol do Tocantins"},"content":{"rendered":"\n<p>Encerrando o primeiro semestre de 2023 deste mandato, o deputado estadual L\u00e9o Barbosa (Republicanos) publicou nesta segunda-feira, 10, um balan\u00e7o das a\u00e7\u00f5es que desenvolveu em prol do Tocantins, durante os \u00faltimos meses. Foram dezenas de requerimentos solicitando melhorias para \u00e1reas como sa\u00fade, educa\u00e7\u00e3o, infraestrutura e seguran\u00e7a, al\u00e9m de projetos de lei, vota\u00e7\u00f5es importantes, visitas e destina\u00e7\u00e3o de recursos aos munic\u00edpios.<\/p>\n\n\n\n<p>O primeiro projeto de lei apresentado por Barbosa neste segundo mandato foi o que instituiu a Pol\u00edtica Estadual de fornecimento gratuito de medicamentos \u00e0 base de canabidiol, nas unidades de sa\u00fade p\u00fablica estadual e privada conveniada ao Sistema \u00danico de Sa\u00fade &#8211; SUS. No m\u00eas de maio, o projeto foi aprovado por unanimidade pelos parlamentares e a Lei n\u00ba 4.162\/2023 foi sancionada logo em seguida pelo governador Wanderlei Barbosa (Republicanos).<\/p>\n\n\n\n<p>Em tramita\u00e7\u00e3o na Comiss\u00e3o de Sa\u00fade e Assist\u00eancia Social, o Projeto de Lei n\u00ba 144\/2023, tamb\u00e9m de autoria do deputado L\u00e9o Barbosa, prop\u00f5e a regulamenta\u00e7\u00e3o da pr\u00e1tica de Equoterapia como op\u00e7\u00e3o de sa\u00fade terap\u00eautica para pessoas com defici\u00eancia no Tocantins.<\/p>\n\n\n\n<p>O parlamentar defende que o m\u00e9todo de reabilita\u00e7\u00e3o que utiliza o cavalo em atividades multidisciplinares na \u00e1rea da sa\u00fade, educa\u00e7\u00e3o e equita\u00e7\u00e3o \u00e9 muito ben\u00e9fico para as pessoas com defici\u00eancia. \u201cA equoterapia j\u00e1 foi reconhecida pela Lei Federal n\u00ba 13.830\/2019 e agora queremos regulamentar no Tocantins e poder firmar parcerias e conv\u00eanios entre os Centros terap\u00eauticos e o Poder P\u00fablico\u201d, destacou L\u00e9o.<\/p>\n\n\n\n<p><strong>Programa de inclus\u00e3o digital<\/strong><\/p>\n\n\n\n<p>Idealizador da cria\u00e7\u00e3o de um programa&nbsp;de inclus\u00e3o digital para disponibilizar pontos de acesso \u00e0 internet gratuita em comunidades rurais, quilombolas e ind\u00edgenas, L\u00e9o participou no m\u00eas de abril,&nbsp;juntamente com o governador Wanderlei Barbosa, da inaugura\u00e7\u00e3o da primeira torre de conectividade Wi-Fi do programa, instalada no quilombo Prata, localizado no Jalap\u00e3o.<\/p>\n\n\n\n<p>\u201cEstou muito feliz em ver este projeto avan\u00e7ando e grato ao Governo do Estado por ter entendido a necessidade e ter abra\u00e7ado a ideia. Muitas comunidades ser\u00e3o contempladas e sabemos que promover a inclus\u00e3o digital dessas regi\u00f5es \u00e9 essencial para garantir melhores pol\u00edticas p\u00fablicas em comunica\u00e7\u00e3o, educa\u00e7\u00e3o e desenvolvimento como um todo\u201d, ressaltou L\u00e9o.<\/p>\n\n\n\n<p><strong>Emendas<\/strong><\/p>\n\n\n\n<p>A destina\u00e7\u00e3o de recursos deste ano est\u00e1 sendo feita para beneficiar v\u00e1rias \u00e1reas de atua\u00e7\u00e3o nos munic\u00edpios, como sa\u00fade, esporte, seguran\u00e7a p\u00fablica, cultura e lazer.<\/p>\n\n\n\n<p>A Casa TEA, Cl\u00ednica de Aten\u00e7\u00e3o \u00e0 Crian\u00e7a Autista de Alian\u00e7a do Tocantins, ser\u00e1 beneficiada com uma emenda parlamentar no valor de R$120 mil reais. O recurso foi solicitado pelo l\u00edder pol\u00edtico Dionne Aires e ser\u00e1 utilizado na aquisi\u00e7\u00e3o de equipamentos, mobili\u00e1rios e recursos terap\u00eauticos para atender 22 crian\u00e7as diagnosticadas com TEA no munic\u00edpio.<\/p>\n\n\n\n<p>A popula\u00e7\u00e3o de Aparecida do Rio Negro tamb\u00e9m recebeu benfeitorias com emenda destinada pelo deputado. Durante a programa\u00e7\u00e3o de anivers\u00e1rio de 34 anos da cidade aconteceu a reinaugura\u00e7\u00e3o do Gin\u00e1sio de Esporte Marilon Veloso, reformado com&nbsp;emenda no valor de R$250 mil reais destinados pelo parlamentar, em parceria com a prefeitura do munic\u00edpio.<\/p>\n\n\n\n<p>Para a cidade de Pium, o parlamentar entregou uma van para a Secretaria de Esporte e Lazer. O ve\u00edculo ser\u00e1 utilizado para atender as demandas dos esportistas da regi\u00e3o na participa\u00e7\u00e3o de campeonatos e outros eventos.<\/p>\n\n\n\n<p><strong>Requerimentos<\/strong><\/p>\n\n\n\n<p>Atendendo a requerimento do deputado L\u00e9o Barbosa, o Governo do Tocantins criou a Superintend\u00eancia da Rede de Cuidados \u00e0 Pessoa com Defici\u00eancia. A nova unidade gestora faz parte da estrutura da Secretaria de Estado da Sa\u00fade (SES-TO).<\/p>\n\n\n\n<p>Defensor da amplia\u00e7\u00e3o da rede de atendimento especializado no Tocantins, Barbosa solicitou ao Governo do Estado a implanta\u00e7\u00e3o de Unidades do Centro Especializado de Reabilita\u00e7\u00e3o \u2013 CER, nos&nbsp;munic\u00edpios&nbsp;de Dian\u00f3polis, Guara\u00ed&nbsp;e Araguatins.&nbsp;<\/p>\n\n\n\n<p>\u201cNos chama a aten\u00e7\u00e3o o tamanho da demanda por atendimentos de pessoas com defici\u00eancia nas cidades do interior do Estado. Muitas pessoas precisam vir a Palmas ou ir a Colinas para atendimento nos CER, e Dian\u00f3polis, Guara\u00ed e Araguatins s\u00e3o munic\u00edpios polos, que podem comportar as demandas das suas regi\u00f5es\u201d, disse L\u00e9o.<\/p>\n\n\n\n<p>Em outro requerimento, o parlamentar solicitou a abertura de cursos de Terapia Ocupacional e Fonoaudiologia na Unitins.\u00a0Segundo a justificativa da solicita\u00e7\u00e3o, atualmente o Tocantins possui apenas um curso de Fonoaudiologia dispon\u00edvel na rede privada de ensino, n\u00e3o havendo op\u00e7\u00f5es na rede p\u00fablica. Quanto ao curso de Terapia Ocupacional, o estado n\u00e3o conta com nenhuma institui\u00e7\u00e3o que fa\u00e7a a oferta da gradua\u00e7\u00e3o.<\/p>\n\n\n\n<h1><\/h1>\n","protected":false},"excerpt":{"rendered":"<p>Encerrando o primeiro semestre de 2023 deste mandato, o deputado estadual L\u00e9o Barbosa (Republicanos) publicou nesta segunda-feira, 10, um balan\u00e7o das a\u00e7\u00f5es que desenvolveu em prol do Tocantins, durante os \u00faltimos meses. Foram dezenas de requerimentos solicitando melhorias para \u00e1reas como sa\u00fade, educa\u00e7\u00e3o, infraestrutura e seguran\u00e7a, al\u00e9m de projetos de lei, vota\u00e7\u00f5es importantes, visitas e [&hellip;]<\/p>\n","protected":false},"author":2,"featured_media":16369,"comment_status":"open","ping_status":"open","sticky":false,"template":"","format":"standard","meta":[],"categories":[8],"tags":[13],"_links":{"self":[{"href":"https:\/\/dgospel.com.br\/portal\/index.php\/wp-json\/wp\/v2\/posts\/16368"}],"collection":[{"href":"https:\/\/dgospel.com.br\/portal\/index.php\/wp-json\/wp\/v2\/posts"}],"about":[{"href":"https:\/\/dgospel.com.br\/portal\/index.php\/wp-json\/wp\/v2\/types\/post"}],"author":[{"embeddable":true,"href":"https:\/\/dgospel.com.br\/portal\/index.php\/wp-json\/wp\/v2\/users\/2"}],"replies":[{"embeddable":true,"href":"https:\/\/dgospel.com.br\/portal\/index.php\/wp-json\/wp\/v2\/comments?post=16368"}],"version-history":[{"count":1,"href":"https:\/\/dgospel.com.br\/portal\/index.php\/wp-json\/wp\/v2\/posts\/16368\/revisions"}],"predecessor-version":[{"id":16370,"href":"https:\/\/dgospel.com.br\/portal\/index.php\/wp-json\/wp\/v2\/posts\/16368\/revisions\/16370"}],"wp:featuredmedia":[{"embeddable":true,"href":"https:\/\/dgospel.com.br\/portal\/index.php\/wp-json\/wp\/v2\/media\/16369"}],"wp:attachment":[{"href":"https:\/\/dgospel.com.br\/portal\/index.php\/wp-json\/wp\/v2\/media?parent=16368"}],"wp:term":[{"taxonomy":"category","embeddable":true,"href":"https:\/\/dgospel.com.br\/portal\/index.php\/wp-json\/wp\/v2\/categories?post=16368"},{"taxonomy":"post_tag","embeddable":true,"href":"https:\/\/dgospel.com.br\/portal\/index.php\/wp-json\/wp\/v2\/tags?post=16368"}],"curies":[{"name":"wp","href":"https:\/\/api.w.org\/{rel}","templated":true}]}}