{"id":16371,"date":"2023-07-11T11:03:27","date_gmt":"2023-07-11T14:03:27","guid":{"rendered":"http:\/\/dgospel.com.br\/portal\/?p=16371"},"modified":"2023-07-11T11:03:29","modified_gmt":"2023-07-11T14:03:29","slug":"emmanuel-macron-anuncia-envio-de-misseis-para-a-ucrania","status":"publish","type":"post","link":"https:\/\/dgospel.com.br\/portal\/index.php\/2023\/07\/11\/emmanuel-macron-anuncia-envio-de-misseis-para-a-ucrania\/","title":{"rendered":"Emmanuel Macron anuncia envio de m\u00edsseis para a Ucr\u00e2nia"},"content":{"rendered":"\n<p>O presidente da Fran\u00e7a,&nbsp;<a href=\"https:\/\/pleno.news\/tag\/emmanuel-macron\" target=\"_blank\" rel=\"noreferrer noopener\">Emmanuel Macron<\/a>, anunciou nesta ter\u00e7a-feira (11) um refor\u00e7o da assist\u00eancia militar \u00e0&nbsp;<a href=\"https:\/\/pleno.news\/tag\/ucrania\" target=\"_blank\" rel=\"noreferrer noopener\">Ucr\u00e2nia<\/a>, com o envio de m\u00edsseis de alcance m\u00e9dio do tipo Scalp, que devem possibilitar \u201ca defesa de seu territ\u00f3rio\u201d. O chefe de Estado justificou esse passo pela situa\u00e7\u00e3o do conflito no terreno e pela contraofensiva ucraniana na busca de recuperar territ\u00f3rio ocupado pela R\u00fassia.<\/p>\n\n\n\n<p>\u2013 Ser\u00e3o novos m\u00edsseis para poder bombardear e profundidade para permitir a Ucr\u00e2nia defender seu territ\u00f3rio \u2013 garantiu Macron, que divulgou a informa\u00e7\u00e3o na chegada \u00e0 c\u00fapula da Otan, em Vilnius, na Litu\u00e2nia.<\/p>\n\n\n\n<p>Os Scalp s\u00e3o a vers\u00e3o brit\u00e2nica dos Storm Shadow, que Londres entregou para Kiev meses atr\u00e1s. Eles s\u00e3o disparados a partir de avi\u00f5es e t\u00eam um peso de 1.300 quilos e um alcance m\u00e1ximo de 560 quil\u00f4metros.<\/p>\n\n\n\n<p>Sobre a c\u00fapula, que vai ocorrer at\u00e9 esta quarta (12), al\u00e9m de parabenizar o acordo para que a Su\u00e9cia seja integrada como nova integrante da Otan, Macron destacou que o importante \u00e9 \u201cenviar uma mensagem de apoio \u00e0 Ucr\u00e2nia, da unidade da Otan, al\u00e9m da determina\u00e7\u00e3o para afirmar que a R\u00fassia n\u00e3o pode e n\u00e3o deve ganhar essa guerra\u201d.<\/p>\n\n\n\n<p>Macron, que era um dos l\u00edderes ocidentais mais conciliadores com Vladimir Putin, antes da invas\u00e3o russa \u00e0 Ucr\u00e2nia, em fevereiro de 2022, adotou uma postura cada vez mais firme com Moscou nos \u00faltimos meses.<\/p>\n\n\n\n<p>O governo da Fran\u00e7a divulgou na semana passada que o pa\u00eds trabalha com outros em um mecanismo de garantias de seguran\u00e7a com car\u00e1ter duradouro para a Ucr\u00e2nia, na medida em que Kiev n\u00e3o pode integrar neste momento a Otan e seu escudo protetor, para n\u00e3o arrastar todos os integrantes do bloco para uma guerra com a R\u00fassia, que \u00e9 uma pot\u00eancia nuclear.<\/p>\n\n\n\n<p>Esse mecanismo, que at\u00e9 agora tem contornos vagos, \u00e9, sobretudo, uma mensagem em dire\u00e7\u00e3o a Putin, para dizer a ele que os aliados de Kiev seguir\u00e3o apoiando a Ucr\u00e2nia pelo tempo que for necess\u00e1rio, inclusive, por anos.<\/p>\n\n\n\n<p>*EFE<\/p>\n","protected":false},"excerpt":{"rendered":"<p>O presidente da Fran\u00e7a,&nbsp;Emmanuel Macron, anunciou nesta ter\u00e7a-feira (11) um refor\u00e7o da assist\u00eancia militar \u00e0&nbsp;Ucr\u00e2nia, com o envio de m\u00edsseis de alcance m\u00e9dio do tipo Scalp, que devem possibilitar \u201ca defesa de seu territ\u00f3rio\u201d. O chefe de Estado justificou esse passo pela situa\u00e7\u00e3o do conflito no terreno e pela contraofensiva ucraniana na busca de recuperar [&hellip;]<\/p>\n","protected":false},"author":2,"featured_media":16372,"comment_status":"open","ping_status":"open","sticky":false,"template":"","format":"standard","meta":[],"categories":[16],"tags":[],"_links":{"self":[{"href":"https:\/\/dgospel.com.br\/portal\/index.php\/wp-json\/wp\/v2\/posts\/16371"}],"collection":[{"href":"https:\/\/dgospel.com.br\/portal\/index.php\/wp-json\/wp\/v2\/posts"}],"about":[{"href":"https:\/\/dgospel.com.br\/portal\/index.php\/wp-json\/wp\/v2\/types\/post"}],"author":[{"embeddable":true,"href":"https:\/\/dgospel.com.br\/portal\/index.php\/wp-json\/wp\/v2\/users\/2"}],"replies":[{"embeddable":true,"href":"https:\/\/dgospel.com.br\/portal\/index.php\/wp-json\/wp\/v2\/comments?post=16371"}],"version-history":[{"count":1,"href":"https:\/\/dgospel.com.br\/portal\/index.php\/wp-json\/wp\/v2\/posts\/16371\/revisions"}],"predecessor-version":[{"id":16373,"href":"https:\/\/dgospel.com.br\/portal\/index.php\/wp-json\/wp\/v2\/posts\/16371\/revisions\/16373"}],"wp:featuredmedia":[{"embeddable":true,"href":"https:\/\/dgospel.com.br\/portal\/index.php\/wp-json\/wp\/v2\/media\/16372"}],"wp:attachment":[{"href":"https:\/\/dgospel.com.br\/portal\/index.php\/wp-json\/wp\/v2\/media?parent=16371"}],"wp:term":[{"taxonomy":"category","embeddable":true,"href":"https:\/\/dgospel.com.br\/portal\/index.php\/wp-json\/wp\/v2\/categories?post=16371"},{"taxonomy":"post_tag","embeddable":true,"href":"https:\/\/dgospel.com.br\/portal\/index.php\/wp-json\/wp\/v2\/tags?post=16371"}],"curies":[{"name":"wp","href":"https:\/\/api.w.org\/{rel}","templated":true}]}}