{"id":16374,"date":"2023-07-11T14:06:01","date_gmt":"2023-07-11T17:06:01","guid":{"rendered":"http:\/\/dgospel.com.br\/portal\/?p=16374"},"modified":"2023-07-11T14:06:02","modified_gmt":"2023-07-11T17:06:02","slug":"ditadura-de-ortega-prende-mais-um-padre-critico-ao-governo","status":"publish","type":"post","link":"https:\/\/dgospel.com.br\/portal\/index.php\/2023\/07\/11\/ditadura-de-ortega-prende-mais-um-padre-critico-ao-governo\/","title":{"rendered":"Ditadura de Ortega prende mais um padre cr\u00edtico ao governo"},"content":{"rendered":"\n<p>A ditadura da Nicar\u00e1gua prendeu mais um padre, em meio \u00e0 repress\u00e3o contra a Igreja Cat\u00f3lica no pa\u00eds. Desta vez, trata-se do sacerdote Fernando Zamora, detido neste domingo (9) ap\u00f3s assistir a uma missa. O governo e a pol\u00edcia n\u00e3o chegaram a esclarecer para a imprensa quais s\u00e3o as acusa\u00e7\u00f5es que o l\u00edder religioso enfrenta.<\/p>\n\n\n\n<p>Segundo informa\u00e7\u00f5es da CNN, Zamora cumpre fun\u00e7\u00f5es administrativas na diocese de Siuna. Quando foi preso, ele havia acabado de participar de uma uma missa dirigida pelo cardeal Leopoldo Brenes, principal l\u00edder cat\u00f3lico da Nicar\u00e1gua.<\/p>\n\n\n\n<p>O regime de Ortega ficou cada vez mais intolerante com a Igreja Cat\u00f3lica, acusando l\u00edderes religiosos de atentarem contra o seu governo. Entre os cinco sacerdotes que est\u00e3o presos atualmente, est\u00e1 Rolando \u00c1lvarez, condenado a 26 anos de pris\u00e3o por \u201ctrai\u00e7\u00e3o \u00e0 p\u00e1tria\u201d. Ele \u00e9 considerado a voz cat\u00f3lica mais cr\u00edtica contra a ditadura de Ortega.<\/p>\n\n\n\n<p>No in\u00edcio deste m\u00eas, o governo chegou a ordenar a soltura de \u00c1lvarez, ap\u00f3s negocia\u00e7\u00f5es de extradi\u00e7\u00e3o com o Vaticano e reiterados pedidos do Papa Francisco. Entretanto, o bispo voltou a ser preso horas depois por se negar a deixar seu pa\u00eds.<\/p>\n\n\n\n<p>O caso chegou a ser mesmo pauta no encontro entre o papa e o presidente brasileiro, Luiz In\u00e1cio Lula da Silva (PT) em junho deste ano. Na ocasi\u00e3o, Lula prometeu que conversaria com Ortega para pedir a soltura do bispo \u00c1lvarez, mas n\u00e3o h\u00e1 informa\u00e7\u00f5es de que de fato j\u00e1 o tenha feito.<\/p>\n","protected":false},"excerpt":{"rendered":"<p>A ditadura da Nicar\u00e1gua prendeu mais um padre, em meio \u00e0 repress\u00e3o contra a Igreja Cat\u00f3lica no pa\u00eds. Desta vez, trata-se do sacerdote Fernando Zamora, detido neste domingo (9) ap\u00f3s assistir a uma missa. O governo e a pol\u00edcia n\u00e3o chegaram a esclarecer para a imprensa quais s\u00e3o as acusa\u00e7\u00f5es que o l\u00edder religioso enfrenta. [&hellip;]<\/p>\n","protected":false},"author":2,"featured_media":16375,"comment_status":"open","ping_status":"open","sticky":false,"template":"","format":"standard","meta":[],"categories":[16],"tags":[],"_links":{"self":[{"href":"https:\/\/dgospel.com.br\/portal\/index.php\/wp-json\/wp\/v2\/posts\/16374"}],"collection":[{"href":"https:\/\/dgospel.com.br\/portal\/index.php\/wp-json\/wp\/v2\/posts"}],"about":[{"href":"https:\/\/dgospel.com.br\/portal\/index.php\/wp-json\/wp\/v2\/types\/post"}],"author":[{"embeddable":true,"href":"https:\/\/dgospel.com.br\/portal\/index.php\/wp-json\/wp\/v2\/users\/2"}],"replies":[{"embeddable":true,"href":"https:\/\/dgospel.com.br\/portal\/index.php\/wp-json\/wp\/v2\/comments?post=16374"}],"version-history":[{"count":1,"href":"https:\/\/dgospel.com.br\/portal\/index.php\/wp-json\/wp\/v2\/posts\/16374\/revisions"}],"predecessor-version":[{"id":16376,"href":"https:\/\/dgospel.com.br\/portal\/index.php\/wp-json\/wp\/v2\/posts\/16374\/revisions\/16376"}],"wp:featuredmedia":[{"embeddable":true,"href":"https:\/\/dgospel.com.br\/portal\/index.php\/wp-json\/wp\/v2\/media\/16375"}],"wp:attachment":[{"href":"https:\/\/dgospel.com.br\/portal\/index.php\/wp-json\/wp\/v2\/media?parent=16374"}],"wp:term":[{"taxonomy":"category","embeddable":true,"href":"https:\/\/dgospel.com.br\/portal\/index.php\/wp-json\/wp\/v2\/categories?post=16374"},{"taxonomy":"post_tag","embeddable":true,"href":"https:\/\/dgospel.com.br\/portal\/index.php\/wp-json\/wp\/v2\/tags?post=16374"}],"curies":[{"name":"wp","href":"https:\/\/api.w.org\/{rel}","templated":true}]}}