{"id":16377,"date":"2023-07-11T14:10:19","date_gmt":"2023-07-11T17:10:19","guid":{"rendered":"http:\/\/dgospel.com.br\/portal\/?p=16377"},"modified":"2023-07-11T14:10:21","modified_gmt":"2023-07-11T17:10:21","slug":"lula-sugere-que-bolsonaro-e-culpado-por-corinthians-ir-mal","status":"publish","type":"post","link":"https:\/\/dgospel.com.br\/portal\/index.php\/2023\/07\/11\/lula-sugere-que-bolsonaro-e-culpado-por-corinthians-ir-mal\/","title":{"rendered":"Lula sugere que Bolsonaro \u00e9 culpado por Corinthians ir mal"},"content":{"rendered":"\n<p>O presidente Luiz In\u00e1cio Lula da Silva (PT) sugeriu, nesta ter\u00e7a-feira (11), que o ex-presidente Jair Bolsonaro (PL) tenha culpa pelo Corinthians \u201candar mal das pernas\u201d. De acordo com o petista, \u201co momento da antidemocracia\u201d do governo anterior deve ter afetado o desempenho do time para o qual ele torce. A declara\u00e7\u00e3o ocorreu durante sua live semanal.<\/p>\n\n\n\n<p>\u2013 O Corinthians n\u00e3o anda bem das pernas. N\u00e3o anda bem das pernas. Teve um momento que o Corinthians trope\u00e7ou, eu acho que foi o momento da antidemocracia que n\u00f3s tivemos no Brasil, acho que atropelou o Corinthians tamb\u00e9m \u2013 assinalou.<\/p>\n\n\n\n<p>O \u00faltimo t\u00edtulo conquistado pelo Corinthians foi em 2019, no Campeonato Paulista. No \u00faltimo fim de semana, o time venceu o Atl\u00e9tico Mineiro, mas segue perto do rebaixamento.<\/p>\n\n\n\n<p>\u2013 Agora voltou a ganhar. Eu t\u00f4 torcendo que o Corinthians volte a ganhar, porque ele t\u00e1 perto da zona de rebaixamento e eu fico muito angustiado cada vez que eu vejo um jogo do Corinthians \u2013 declarou Lula.<\/p>\n\n\n\n<p>Confira o trecho em quest\u00e3o da live abaixo:<\/p>\n\n\n\n<figure class=\"wp-block-embed is-type-video is-provider-youtube wp-block-embed-youtube wp-embed-aspect-16-9 wp-has-aspect-ratio\"><div class=\"wp-block-embed__wrapper\">\n<iframe loading=\"lazy\" title=\"Ao vivo: Lula faz live semanal\" width=\"630\" height=\"354\" src=\"https:\/\/www.youtube.com\/embed\/Uhy7nGIe_tw?start=1769&#038;feature=oembed\" frameborder=\"0\" allow=\"accelerometer; autoplay; clipboard-write; encrypted-media; gyroscope; picture-in-picture; web-share\" allowfullscreen><\/iframe>\n<\/div><\/figure>\n","protected":false},"excerpt":{"rendered":"<p>O presidente Luiz In\u00e1cio Lula da Silva (PT) sugeriu, nesta ter\u00e7a-feira (11), que o ex-presidente Jair Bolsonaro (PL) tenha culpa pelo Corinthians \u201candar mal das pernas\u201d. De acordo com o petista, \u201co momento da antidemocracia\u201d do governo anterior deve ter afetado o desempenho do time para o qual ele torce. A declara\u00e7\u00e3o ocorreu durante sua [&hellip;]<\/p>\n","protected":false},"author":2,"featured_media":16378,"comment_status":"open","ping_status":"open","sticky":false,"template":"","format":"standard","meta":[],"categories":[10],"tags":[],"_links":{"self":[{"href":"https:\/\/dgospel.com.br\/portal\/index.php\/wp-json\/wp\/v2\/posts\/16377"}],"collection":[{"href":"https:\/\/dgospel.com.br\/portal\/index.php\/wp-json\/wp\/v2\/posts"}],"about":[{"href":"https:\/\/dgospel.com.br\/portal\/index.php\/wp-json\/wp\/v2\/types\/post"}],"author":[{"embeddable":true,"href":"https:\/\/dgospel.com.br\/portal\/index.php\/wp-json\/wp\/v2\/users\/2"}],"replies":[{"embeddable":true,"href":"https:\/\/dgospel.com.br\/portal\/index.php\/wp-json\/wp\/v2\/comments?post=16377"}],"version-history":[{"count":1,"href":"https:\/\/dgospel.com.br\/portal\/index.php\/wp-json\/wp\/v2\/posts\/16377\/revisions"}],"predecessor-version":[{"id":16379,"href":"https:\/\/dgospel.com.br\/portal\/index.php\/wp-json\/wp\/v2\/posts\/16377\/revisions\/16379"}],"wp:featuredmedia":[{"embeddable":true,"href":"https:\/\/dgospel.com.br\/portal\/index.php\/wp-json\/wp\/v2\/media\/16378"}],"wp:attachment":[{"href":"https:\/\/dgospel.com.br\/portal\/index.php\/wp-json\/wp\/v2\/media?parent=16377"}],"wp:term":[{"taxonomy":"category","embeddable":true,"href":"https:\/\/dgospel.com.br\/portal\/index.php\/wp-json\/wp\/v2\/categories?post=16377"},{"taxonomy":"post_tag","embeddable":true,"href":"https:\/\/dgospel.com.br\/portal\/index.php\/wp-json\/wp\/v2\/tags?post=16377"}],"curies":[{"name":"wp","href":"https:\/\/api.w.org\/{rel}","templated":true}]}}