{"id":16386,"date":"2023-07-11T14:23:49","date_gmt":"2023-07-11T17:23:49","guid":{"rendered":"http:\/\/dgospel.com.br\/portal\/?p=16386"},"modified":"2023-07-11T14:23:51","modified_gmt":"2023-07-11T17:23:51","slug":"agencia-de-fomento-e-fieto-se-reunem-para-estabelecer-parceria-em-prol-do-desenvolvimento-das-industrias-do-to","status":"publish","type":"post","link":"https:\/\/dgospel.com.br\/portal\/index.php\/2023\/07\/11\/agencia-de-fomento-e-fieto-se-reunem-para-estabelecer-parceria-em-prol-do-desenvolvimento-das-industrias-do-to\/","title":{"rendered":"Ag\u00eancia de Fomento e Fieto se re\u00fanem para estabelecer parceria em prol do desenvolvimento das ind\u00fastrias do TO"},"content":{"rendered":"\n<p>Para exercer o papel de banco de desenvolvimento social no Tocantins, a diretoria da Ag\u00eancia de Fomento recebeu representantes da Federa\u00e7\u00e3o das Ind\u00fastrias do Estado do Tocantins (Fieto) para apresenta\u00e7\u00e3o de estudos e relat\u00f3rios sobre o levantamento e a sondagem de cr\u00e9dito realizados entre seus associados.<\/p>\n\n\n\n<p>Segundo o representante da Federa\u00e7\u00e3o, Jos\u00e9 Roberto Fernandes, a pesquisa com mais de 100 question\u00e1rios \u2013 distribu\u00eddos aos mais diversos segmentos \u2013 visou entender melhor o perfil das ind\u00fastrias estabelecidas no Tocantins. \u201cRealizamos esses estudos, na tentativa de compreender qual \u00e9 a principal fonte de cr\u00e9dito, qual \u00e9 a destina\u00e7\u00e3o do cr\u00e9dito e quais s\u00e3o os obst\u00e1culos que as ind\u00fastrias enfrentam para contratar. Finalmente, questionamos qual \u00e9 o grau de endividamento, porque isso nos daria uma ideia do tamanho do mercado\u201d, pontuou o representante.<\/p>\n\n\n\n<p>Na vis\u00e3o da presidente da Ag\u00eancia de Fomento, Denise Rocha, os relat\u00f3rios apresentados pela Fieto s\u00e3o importantes para compreens\u00e3o das necessidades do segmento. \u201cEntendemos que o cr\u00e9dito \u00e9 indispens\u00e1vel para investimentos e crescimento das ind\u00fastrias. Enquanto bra\u00e7o forte do governo do Estado do Tocantins, somos efetivamente um banco de desenvolvimento, administrando recursos do FDES-TO [Fundo de Desenvolvimento Econ\u00f4mico e Sustent\u00e1vel]. Trata-se da \u00fanica institui\u00e7\u00e3o financeira do Tocantins a operar com taxas de juros equalizadas. Em raz\u00e3o dessas particularidades, temos potencial e condi\u00e7\u00f5es de transformar a realidade das ind\u00fastrias estabelecidas no Tocantins, \u00e0 medida em que o Fundo for recebendo aportes financeiros por parte do FDES, entre outros\u201d, enfatizou a gestora.<\/p>\n\n\n\n<p>\u00c9 preciso aqui enfatizar que os bancos comerciais n\u00e3o t\u00eam compromisso social com o desenvolvimento, como \u00e9 o caso da Ag\u00eancia de Fomento. Eles trabalham com capitais de acionistas, que desejam remunera\u00e7\u00e3o do seu capital a juros de mercado, visando lucros acima de tudo. Nestas circunst\u00e2ncias, resta claro que tanto o com\u00e9rcio quanto a ind\u00fastria necessitam de aux\u00edlio de institui\u00e7\u00f5es com cunho social, que adotem pol\u00edticas p\u00fablicas que incentivem o desenvolvimento e que estejam sens\u00edveis \u00e0s necessidades de cada uma das cadeias produtivas.<\/p>\n\n\n\n<p>Segundo a presidente Denise Rocha, \u201co caminho mais vi\u00e1vel, naturalmente, \u00e9 a parceria e a troca de ideias e experi\u00eancias entre a Ag\u00eancia de Fomento e a Fieto, visando atender o setor industrial, quer seja concedendo-lhes empr\u00e9stimos com condi\u00e7\u00f5es favor\u00e1veis, quer seja incentivando-as a investir em pesquisa, tecnologia e inova\u00e7\u00e3o, impulsionando a competitividade\u201d, finalizou.<\/p>\n\n\n\n<p><img src=\"https:\/\/central.to.gov.br\/image\/338170?w=670&amp;h=383\"><\/p>\n\n\n\n<p>Para a presidente da Ag\u00eancia de Fomento, Denise Rocha, \u201ca parceria e a troca de ideias e experi\u00eancias buscam atender o setor industrial, incentivando-as a investir em pesquisa, tecnologia e inova\u00e7\u00e3o, impulsionando a competitividade\u201d &#8211; Fomento\/Governo do Tocantins\u00a0<\/p>\n\n\n\n<p><img src=\"https:\/\/central.to.gov.br\/image\/338171?w=670&amp;h=383\"><\/p>\n\n\n\n<p>Representante da Federa\u00e7\u00e3o, Jos\u00e9 Roberto Fernandes, a pesquisa visou entender melhor o perfil das ind\u00fastrias estabelecidas no Tocantins &#8211; Fomento\/Governo do Tocantins\u00a0<\/p>\n","protected":false},"excerpt":{"rendered":"<p>Para exercer o papel de banco de desenvolvimento social no Tocantins, a diretoria da Ag\u00eancia de Fomento recebeu representantes da Federa\u00e7\u00e3o das Ind\u00fastrias do Estado do Tocantins (Fieto) para apresenta\u00e7\u00e3o de estudos e relat\u00f3rios sobre o levantamento e a sondagem de cr\u00e9dito realizados entre seus associados. Segundo o representante da Federa\u00e7\u00e3o, Jos\u00e9 Roberto Fernandes, a [&hellip;]<\/p>\n","protected":false},"author":2,"featured_media":16387,"comment_status":"open","ping_status":"open","sticky":false,"template":"","format":"standard","meta":[],"categories":[3],"tags":[13],"_links":{"self":[{"href":"https:\/\/dgospel.com.br\/portal\/index.php\/wp-json\/wp\/v2\/posts\/16386"}],"collection":[{"href":"https:\/\/dgospel.com.br\/portal\/index.php\/wp-json\/wp\/v2\/posts"}],"about":[{"href":"https:\/\/dgospel.com.br\/portal\/index.php\/wp-json\/wp\/v2\/types\/post"}],"author":[{"embeddable":true,"href":"https:\/\/dgospel.com.br\/portal\/index.php\/wp-json\/wp\/v2\/users\/2"}],"replies":[{"embeddable":true,"href":"https:\/\/dgospel.com.br\/portal\/index.php\/wp-json\/wp\/v2\/comments?post=16386"}],"version-history":[{"count":1,"href":"https:\/\/dgospel.com.br\/portal\/index.php\/wp-json\/wp\/v2\/posts\/16386\/revisions"}],"predecessor-version":[{"id":16388,"href":"https:\/\/dgospel.com.br\/portal\/index.php\/wp-json\/wp\/v2\/posts\/16386\/revisions\/16388"}],"wp:featuredmedia":[{"embeddable":true,"href":"https:\/\/dgospel.com.br\/portal\/index.php\/wp-json\/wp\/v2\/media\/16387"}],"wp:attachment":[{"href":"https:\/\/dgospel.com.br\/portal\/index.php\/wp-json\/wp\/v2\/media?parent=16386"}],"wp:term":[{"taxonomy":"category","embeddable":true,"href":"https:\/\/dgospel.com.br\/portal\/index.php\/wp-json\/wp\/v2\/categories?post=16386"},{"taxonomy":"post_tag","embeddable":true,"href":"https:\/\/dgospel.com.br\/portal\/index.php\/wp-json\/wp\/v2\/tags?post=16386"}],"curies":[{"name":"wp","href":"https:\/\/api.w.org\/{rel}","templated":true}]}}