{"id":16389,"date":"2023-07-11T14:26:44","date_gmt":"2023-07-11T17:26:44","guid":{"rendered":"http:\/\/dgospel.com.br\/portal\/?p=16389"},"modified":"2023-07-11T14:26:45","modified_gmt":"2023-07-11T17:26:45","slug":"casa-de-apoio-do-governo-do-tocantins-realiza-9-903-atendimentos-de-janeiro-a-junho-de-2023","status":"publish","type":"post","link":"https:\/\/dgospel.com.br\/portal\/index.php\/2023\/07\/11\/casa-de-apoio-do-governo-do-tocantins-realiza-9-903-atendimentos-de-janeiro-a-junho-de-2023\/","title":{"rendered":"Casa de Apoio do Governo do Tocantins realiza 9.903 atendimentos de janeiro a junho de 2023"},"content":{"rendered":"\n<p>Criada com a finalidade de hospedar pacientes do interior, al\u00e9m de outros estados, que est\u00e3o em tratamento nos hospitais p\u00fablicos estaduais de Palmas, a Casa de Apoio Vera L\u00facia Pagani realizou 9.903 atendimentos de janeiro a junho de 2023. A institui\u00e7\u00e3o \u00e9 gerida pelo Governo do Tocantins, por meio da Secretaria de Estado do Trabalho e Desenvolvimento Social (Setas).<\/p>\n\n\n\n<p>\u201cPara n\u00f3s que n\u00e3o temos condi\u00e7\u00f5es financeiras de pagar hospedagem, aqui temos caf\u00e9 da manh\u00e3, almo\u00e7o, merenda e janta\u201d, afirma o paciente de oncologia, Zacarias Monteiro Silva. Ele \u00e9 de Gurupi e se hospedou no m\u00eas de junho, na Casa de Apoio, em Palmas. \u201cComecei um tratamento de sa\u00fade em 2020 e, desde ent\u00e3o, sempre que preciso dar continuidade ao tratamento, fico na institui\u00e7\u00e3o\u201d.<\/p>\n\n\n\n<p>J\u00e1 Marcos Paulo \u00e9 de Aragua\u00edna e acompanha o filho que est\u00e1 internado no Hospital Geral de Palmas. \u201cFui muito bem recebido na Casa de Apoio. Os funcion\u00e1rios d\u00e3o todo o suporte que a gente precisa, esclarecem nossas d\u00favidas e isso facilita muito a vida da gente aqui. S\u00f3 tenho a agradecer a Deus por essa institui\u00e7\u00e3o existir e \u00e0s pessoas de boa vontade por mant\u00ea-la aberta. Se n\u00e3o fosse a Casa de Apoio, pela minha situa\u00e7\u00e3o, eu estaria passando muita necessidade. Estou muito feliz\u201d, afirma.<\/p>\n\n\n\n<p>O local abriga pacientes em tratamento nos hospitais p\u00fablicos de Palmas e seus acompanhantes. S\u00e3o pessoas vindas n\u00e3o s\u00f3 do interior do Estado, mas tamb\u00e9m de outros estados.<\/p>\n\n\n\n<p>Em 2022, a institui\u00e7\u00e3o realizou mais de 18,6 mil atendimentos. J\u00e1 nos seis primeiros meses de 2023, de janeiro a junho, a Casa realizou 9.903 atendimentos.<\/p>\n\n\n\n<p>Para o titular da Setas, Jonis Cala\u00e7a, a Casa \u00e9 um lugar muito especial, important\u00edssimo, e conta com o apoio total do Governo do Tocantins. \u201cAl\u00e9m de oferecer hospedagem, com conforto e condi\u00e7\u00f5es dignas, gratuitamente, a institui\u00e7\u00e3o tamb\u00e9m garante as principais refei\u00e7\u00f5es\u201d, destaca. \u201cO Governo do Tocantins \u00e9 muito sens\u00edvel \u00e0s causas sociais e est\u00e1 atento para fornecer todo o suporte para as fam\u00edlias tocantinenses, al\u00e9m de outras, que necessitem de apoio, garantindo a realiza\u00e7\u00e3o desse relevante trabalho social\u201d, ressalta.<\/p>\n\n\n\n<p><strong>Import\u00e2ncia da Casa de Apoio<\/strong><\/p>\n\n\n\n<p>Os h\u00f3spedes confirmam a import\u00e2ncia da exist\u00eancia da institui\u00e7\u00e3o. \u201c\u00c9 muito importante. Acompanhei meu pai que ficou internado durante muito tempo no Hospital Geral, gra\u00e7as \u00e0 Casa de Apoio do Governo do Tocantins\u201d, informa a acompanhante Jana\u00edna Dias Pereira, de Formoso do Araguaia. &nbsp;<\/p>\n\n\n\n<p>\u201cA Casa \u00e9 um ponto de apoio. N\u00f3s precisamos estar perto de nossos familiares hospitalizados e temos, em Palmas, um lugar que nos acolhe\u201d, afirma Welldes Moreno Aguiar, de Aragua\u00edna.<\/p>\n\n\n\n<p>\u201cSomos muito bem tratados e acolhidos toda vez que precisamos ficar aqui\u201d, afirma Auric\u00e9lia Vieira Rodrigues, de Itapor\u00e3, que tamb\u00e9m ficou hospedada na Casa durante o tratamento de sa\u00fade da filha. &nbsp;<\/p>\n\n\n\n<p>Os acompanhantes e pacientes em tratamento na Casa de Apoio s\u00e3o encaminhados ao local por uma equipe de assistentes sociais dos hospitais.<\/p>\n\n\n\n<p><strong>Atendimento<\/strong><\/p>\n\n\n\n<p>\u201cO atendimento na Casa de Apoio funciona 24 horas por dia. Desde o administrativo que come\u00e7a logo cedinho, pela manh\u00e3, e sempre com um acolhimento amigo. O trabalho se estende ao longo do dia, com a aten\u00e7\u00e3o aos pacientes internados, informa\u00e7\u00f5es para facilitar a vida deles, cuidados na ida e volta para os tratamentos, com um carro para levar e trazer, cuidados com a alimenta\u00e7\u00e3o que \u00e9 acompanhada por nutricionista, orienta\u00e7\u00f5es psicol\u00f3gicas e apoio religioso, como tamb\u00e9m cuidados sanit\u00e1rios na limpeza dos ambientes, uso de EPIs [Equipamentos de Prote\u00e7\u00e3o Individual], entre outros\u201d, enfatiza a gerente da institui\u00e7\u00e3o, Elis\u00e2ngela Sardinha.<\/p>\n\n\n\n<p>A gerente conta, tamb\u00e9m, que o servi\u00e7o na institui\u00e7\u00e3o tem o apoio de parceiros, que realizam um trabalho volunt\u00e1rio e segmentos sociais, alguns l\u00edderes a exemplos de pastores e mission\u00e1rios, que v\u00e3o a Casa levar uma palavra amiga, conforto espiritual, como tamb\u00e9m o apoio da comunidade em geral, o que \u00e9 muito valioso para a institui\u00e7\u00e3o.<\/p>\n\n\n\n<p>Outra novidade \u00e9 que, al\u00e9m do apoio psicol\u00f3gico voluntariado, a institui\u00e7\u00e3o agora tem um profissional que realiza o acompanhamento psicol\u00f3gico, um trabalho extremamente importante para fortalecer os h\u00f3spedes da Casa de Apoio.<\/p>\n\n\n\n<p><strong>Casa de Apoio<\/strong><\/p>\n\n\n\n<p>Os h\u00f3spedes s\u00e3o selecionados e encaminhados pelas assistentes sociais do Hospital Geral, Hospital e Infantil e Maternidade Dona Regina. A institui\u00e7\u00e3o tem capacidade para atender, diariamente, mais de 120 pessoas.<\/p>\n\n\n\n<p>A Casa de Apoio oferece, ainda, um cronograma diversificado de atividades, como realiza\u00e7\u00e3o de palestras, minicursos e apoio espiritual, entre outras, contando com a contribui\u00e7\u00e3o de parceiros e volunt\u00e1rios.<\/p>\n\n\n\n<p><strong>Estrutura<\/strong><\/p>\n\n\n\n<p>A estrutura f\u00edsica da Casa \u00e9 composta por mais de 120 leitos equipados com beliches e ar-condicionado, cozinha, brinquedoteca, sala interdisciplinar, parquinho, \u00e1rea de conviv\u00eancia social e capela.<\/p>\n\n\n\n<p><strong>Localiza\u00e7\u00e3o<\/strong><\/p>\n\n\n\n<p>A institui\u00e7\u00e3o est\u00e1 localizada a 200 metros do Hospital Geral de Palmas (HGP), o que facilita o acesso dos pacientes aos tratamentos de sa\u00fade. Endere\u00e7o: Quadra 203 Sul, Avenida LO-05, APM-01. Telefone: 3218 2465.<\/p>\n\n\n\n<p><img src=\"https:\/\/central.to.gov.br\/image\/338192?w=670&amp;h=383\"><\/p>\n\n\n\n<p>Institui\u00e7\u00e3o est\u00e1 localizada a 200 metros do Hospital Geral de Palmas &#8211; Carlessandro Souza\/Governo do Tocantins&nbsp;<\/p>\n","protected":false},"excerpt":{"rendered":"<p>Criada com a finalidade de hospedar pacientes do interior, al\u00e9m de outros estados, que est\u00e3o em tratamento nos hospitais p\u00fablicos estaduais de Palmas, a Casa de Apoio Vera L\u00facia Pagani realizou 9.903 atendimentos de janeiro a junho de 2023. A institui\u00e7\u00e3o \u00e9 gerida pelo Governo do Tocantins, por meio da Secretaria de Estado do Trabalho [&hellip;]<\/p>\n","protected":false},"author":2,"featured_media":16390,"comment_status":"open","ping_status":"open","sticky":false,"template":"","format":"standard","meta":[],"categories":[3],"tags":[13],"_links":{"self":[{"href":"https:\/\/dgospel.com.br\/portal\/index.php\/wp-json\/wp\/v2\/posts\/16389"}],"collection":[{"href":"https:\/\/dgospel.com.br\/portal\/index.php\/wp-json\/wp\/v2\/posts"}],"about":[{"href":"https:\/\/dgospel.com.br\/portal\/index.php\/wp-json\/wp\/v2\/types\/post"}],"author":[{"embeddable":true,"href":"https:\/\/dgospel.com.br\/portal\/index.php\/wp-json\/wp\/v2\/users\/2"}],"replies":[{"embeddable":true,"href":"https:\/\/dgospel.com.br\/portal\/index.php\/wp-json\/wp\/v2\/comments?post=16389"}],"version-history":[{"count":1,"href":"https:\/\/dgospel.com.br\/portal\/index.php\/wp-json\/wp\/v2\/posts\/16389\/revisions"}],"predecessor-version":[{"id":16391,"href":"https:\/\/dgospel.com.br\/portal\/index.php\/wp-json\/wp\/v2\/posts\/16389\/revisions\/16391"}],"wp:featuredmedia":[{"embeddable":true,"href":"https:\/\/dgospel.com.br\/portal\/index.php\/wp-json\/wp\/v2\/media\/16390"}],"wp:attachment":[{"href":"https:\/\/dgospel.com.br\/portal\/index.php\/wp-json\/wp\/v2\/media?parent=16389"}],"wp:term":[{"taxonomy":"category","embeddable":true,"href":"https:\/\/dgospel.com.br\/portal\/index.php\/wp-json\/wp\/v2\/categories?post=16389"},{"taxonomy":"post_tag","embeddable":true,"href":"https:\/\/dgospel.com.br\/portal\/index.php\/wp-json\/wp\/v2\/tags?post=16389"}],"curies":[{"name":"wp","href":"https:\/\/api.w.org\/{rel}","templated":true}]}}