{"id":16402,"date":"2023-07-11T15:36:44","date_gmt":"2023-07-11T18:36:44","guid":{"rendered":"http:\/\/dgospel.com.br\/portal\/?p=16402"},"modified":"2023-07-11T15:36:46","modified_gmt":"2023-07-11T18:36:46","slug":"ativista-diz-que-religioes-cristas-sao-problema-para-lgbts-pastor-comenta-a-estrategia","status":"publish","type":"post","link":"https:\/\/dgospel.com.br\/portal\/index.php\/2023\/07\/11\/ativista-diz-que-religioes-cristas-sao-problema-para-lgbts-pastor-comenta-a-estrategia\/","title":{"rendered":"Ativista diz que religi\u00f5es crist\u00e3s s\u00e3o problema para LGBTs; Pastor comenta a estrat\u00e9gia"},"content":{"rendered":"\n<p>Um ativista LGBT at\u00e9 agora an\u00f4nimo se tornou viral no TikTok propondo uma estrat\u00e9gia de censura a quem prega as doutrinas b\u00edblicas que reprovam a homossexualidade. No v\u00eddeo, ele diz que \u00e9 preciso tirar \u201co poder de fala\u201d dos crist\u00e3os que denunciam o pecado, pois as \u201creligi\u00f5es crist\u00e3s\u201d seriam a causa do preconceito contra a milit\u00e2ncia.<\/p>\n\n\n\n<p>\u201cFico at\u00e9 engasgado falando disso porque a gente sabe que o grande problema da LGBTfobia no Brasil se chama [sic] religi\u00f5es crist\u00e3s. Esse \u00e9 o problema que a gente tem\u201d, diz o ativista.<\/p>\n\n\n\n<p>Em uma tentativa de coer\u00e7\u00e3o, o rapaz afirma que os crist\u00e3os devem isolar pastores que pregam doutrinas b\u00edblicas e censur\u00e1-los: \u201cEnt\u00e3o, enquanto os pr\u00f3prios evang\u00e9licos n\u00e3o come\u00e7arem a formar um cerco para que essas pessoas percam espa\u00e7o, percam o poder da fala mesmo, do tipo \u2018voc\u00ea n\u00e3o pode fazer esse tipo de coisa\u2019\u201d.<\/p>\n\n\n\n<p>O ativista faz&nbsp;<a href=\"https:\/\/noticias.gospelmais.com.br\/stf-criminalizacao-homofobia-senado-liberdade-pregacao-114638.html\"><strong>refer\u00eancia \u00e0 decis\u00e3o do STF<\/strong><\/a>&nbsp;que equiparou o crime de homofobia ao racismo para construir uma narrativa de que a liberdade religiosa dos crist\u00e3os seria relativa, e que as mortes violentas de homossexuais s\u00e3o motivadas pela mensagem b\u00edblica:<\/p>\n\n\n\n<p>\u201cEnquanto a lei anti-LGBTfobia n\u00e3o for colocada em pr\u00e1tica \u2013 porque a lei \u00e9 muito clara dizendo que a liberdade religiosa n\u00e3o pode ser desculpa para crimes de LGBTfobia \u2013 enquanto isso n\u00e3o acontecer, a gente vai continuar tendo quase um LGBT morto por dia por ser LGBT. A gente n\u00e3o vai resolver esse problema\u201d, comentou, sem referenciar dados que comprovem o volume de mortes alegado e o v\u00ednculo de causa\/consequ\u00eancia com a mensagem crist\u00e3.<\/p>\n\n\n\n<p>\u201cAcho que a gente tem que dar nome. O Andr\u00e9 Valad\u00e3o n\u00e3o \u00e9 s\u00f3 errado, ele \u00e9 um criminoso, dentro da nossa lei. Dentro da lei que o Brasil criou. Esse \u00e9 o tipo de coisa que, infelizmente, a gente tem que ficar lidando, todos os dias. Quando n\u00e3o \u00e9 ele, \u00e9 a irm\u00e3\u201d, finalizou, fazendo refer\u00eancia \u00e0 pol\u00eamicas anteriores com Ana Paula Valad\u00e3o.<\/p>\n\n\n\n<h3>Nova estrat\u00e9gia<\/h3>\n\n\n\n<p>O pastor Rodrigo Mocellin comentou as afirma\u00e7\u00f5es do ativista LGBT afirmando que h\u00e1 uma nova estrat\u00e9gia sendo colocada em marcha para calar o cristianismo: \u201c\u2018Os pr\u00f3prios evang\u00e9licos devem calar\u2019 a gente. N\u00f3s somos os crist\u00e3os radicais, \u2018crist\u00e3os xiitas\u2019. Isso \u00e9 uma nova estrat\u00e9gia. E essa estrat\u00e9gia costuma ser eficaz. Usar a religi\u00e3o para destruir a religi\u00e3o\u201d, alertou.<\/p>\n\n\n\n<p>\u201cV\u00e1rios fil\u00f3sofos j\u00e1 afirmaram \u2018se Deus n\u00e3o existe, n\u00e3o existe certo ou errado\u2019. Mas, se antigamente eles usavam essa estrat\u00e9gia de descredibilizar a B\u00edblia, agora a estrat\u00e9gia \u00e9 nova: \u2018N\u00e3o, Deus existe sim, mas Ele \u00e9 amor e aceita tudo, me aceita como eu sou\u2019. E essa estrat\u00e9gia \u00e9 muito sedutora e tem seduzido pastores e muitos crist\u00e3os. Mas \u00e9 uma mentira, basta ler a B\u00edblia\u201d, explicou o pastor da Igreja Resgatar, de Guaratinguet\u00e1 (SP).<\/p>\n\n\n\n<p>Em sua resposta ao ativista, Mocellin enfatizou que todo argumento apresentado no v\u00eddeo n\u00e3o \u00e9 verdadeiro: \u201cSegundo esse rapaz h\u00e1 uma lei que pro\u00edbe a n\u00f3s, crist\u00e3os, de expressarmos nossas convic\u00e7\u00f5es religiosas. Ele est\u00e1 mentindo! [\u2026] A lei que criminaliza homofobia garante a liberdade religiosa. O STF assegurou o direito religioso de expressarmos nossas convic\u00e7\u00f5es religiosas desde que n\u00e3o se configure discurso de \u00f3dio\u201d.<\/p>\n\n\n\n<p>\u201cO pr\u00f3prio STF explicou o que \u00e9 discurso de \u00f3dio: incitar a viol\u00eancia, a discrimina\u00e7\u00e3o \u2013 por exemplo, dizer que um gay \u00e9 menos humano. Isso \u00e9 t\u00e3o verdade, que n\u00f3s crist\u00e3os podemos expressar as nossas convic\u00e7\u00f5es a partir da B\u00edblia, que eu fui processado por dizer que homossexualismo \u00e9 pecado e eu ganhei\u201d, acrescentou Mocellin.<\/p>\n\n\n\n<p>Confira a \u00edntegra do v\u00eddeo do pastor:<\/p>\n\n\n\n<figure class=\"wp-block-embed is-type-video is-provider-youtube wp-block-embed-youtube wp-embed-aspect-16-9 wp-has-aspect-ratio\"><div class=\"wp-block-embed__wrapper\">\n<iframe loading=\"lazy\" title=\"O \u00f3dio contra os crist\u00e3os est\u00e1 cada vez mais expl\u00edcito| Pastor Rodrigo Mocellin\" width=\"630\" height=\"354\" src=\"https:\/\/www.youtube.com\/embed\/mDOMjI1l4hY?feature=oembed\" frameborder=\"0\" allow=\"accelerometer; autoplay; clipboard-write; encrypted-media; gyroscope; picture-in-picture; web-share\" allowfullscreen><\/iframe>\n<\/div><\/figure>\n\n\n\n<p><\/p>\n\n\n\n<p>Fonte: gospelmais<\/p>\n","protected":false},"excerpt":{"rendered":"<p>Um ativista LGBT at\u00e9 agora an\u00f4nimo se tornou viral no TikTok propondo uma estrat\u00e9gia de censura a quem prega as doutrinas b\u00edblicas que reprovam a homossexualidade. No v\u00eddeo, ele diz que \u00e9 preciso tirar \u201co poder de fala\u201d dos crist\u00e3os que denunciam o pecado, pois as \u201creligi\u00f5es crist\u00e3s\u201d seriam a causa do preconceito contra a [&hellip;]<\/p>\n","protected":false},"author":2,"featured_media":16403,"comment_status":"open","ping_status":"open","sticky":false,"template":"","format":"standard","meta":[],"categories":[10],"tags":[],"_links":{"self":[{"href":"https:\/\/dgospel.com.br\/portal\/index.php\/wp-json\/wp\/v2\/posts\/16402"}],"collection":[{"href":"https:\/\/dgospel.com.br\/portal\/index.php\/wp-json\/wp\/v2\/posts"}],"about":[{"href":"https:\/\/dgospel.com.br\/portal\/index.php\/wp-json\/wp\/v2\/types\/post"}],"author":[{"embeddable":true,"href":"https:\/\/dgospel.com.br\/portal\/index.php\/wp-json\/wp\/v2\/users\/2"}],"replies":[{"embeddable":true,"href":"https:\/\/dgospel.com.br\/portal\/index.php\/wp-json\/wp\/v2\/comments?post=16402"}],"version-history":[{"count":1,"href":"https:\/\/dgospel.com.br\/portal\/index.php\/wp-json\/wp\/v2\/posts\/16402\/revisions"}],"predecessor-version":[{"id":16404,"href":"https:\/\/dgospel.com.br\/portal\/index.php\/wp-json\/wp\/v2\/posts\/16402\/revisions\/16404"}],"wp:featuredmedia":[{"embeddable":true,"href":"https:\/\/dgospel.com.br\/portal\/index.php\/wp-json\/wp\/v2\/media\/16403"}],"wp:attachment":[{"href":"https:\/\/dgospel.com.br\/portal\/index.php\/wp-json\/wp\/v2\/media?parent=16402"}],"wp:term":[{"taxonomy":"category","embeddable":true,"href":"https:\/\/dgospel.com.br\/portal\/index.php\/wp-json\/wp\/v2\/categories?post=16402"},{"taxonomy":"post_tag","embeddable":true,"href":"https:\/\/dgospel.com.br\/portal\/index.php\/wp-json\/wp\/v2\/tags?post=16402"}],"curies":[{"name":"wp","href":"https:\/\/api.w.org\/{rel}","templated":true}]}}