{"id":16405,"date":"2023-07-12T11:02:28","date_gmt":"2023-07-12T14:02:28","guid":{"rendered":"http:\/\/dgospel.com.br\/portal\/?p=16405"},"modified":"2023-07-12T11:02:30","modified_gmt":"2023-07-12T14:02:30","slug":"tribunal-mantem-condenacao-de-igreja-por-expor-outdoor-contra-o-ativismo-lgbt","status":"publish","type":"post","link":"https:\/\/dgospel.com.br\/portal\/index.php\/2023\/07\/12\/tribunal-mantem-condenacao-de-igreja-por-expor-outdoor-contra-o-ativismo-lgbt\/","title":{"rendered":"Tribunal mant\u00e9m condena\u00e7\u00e3o de igreja por expor outdoor contra o ativismo LGBT+"},"content":{"rendered":"\n<p>Uma igreja situada no estado do Esp\u00edrito Santo sofreu uma nova derrota judicial, dessa vez no Tribunal de Justi\u00e7a estadual, ap\u00f3s entrar com um recurso para tentar suspender uma liminar que determinou a remo\u00e7\u00e3o de um outdoor contra o ativismo LGBT+, exibido na faixada no seu templo.<\/p>\n\n\n\n<p>A batalha judicial vem sendo travada&nbsp;<a href=\"https:\/\/noticias.gospelmais.com.br\/justica-igreja-remover-outdoor-contra-ativismo-lgbtqia-156301.html\">desde julho do ano passado<\/a>, quando a Primeira Igreja Batista de Aracruz (Pibara) foi alvo de uma a\u00e7\u00e3o civil p\u00fablica protocolada pelo Minist\u00e9rio P\u00fablico do Estado (MPES).<\/p>\n\n\n\n<p>Na a\u00e7\u00e3o, o \u00f3rg\u00e3o pediu a remo\u00e7\u00e3o de um outdoor instalado na faixada do templo da igreja, onde \u00e9 dito que \u201ca B\u00edblia \u00e9 a \u00fanica prote\u00e7\u00e3o contra o ativismo LGBTQIA+\u201d. Na pe\u00e7a (abaixo) tamb\u00e9m \u00e9 poss\u00edvel observar um casal segurando um guarda-chuva sobre duas crian\u00e7as, protegendo-as das cores do movimento gay.<\/p>\n\n\n\n<p>A igreja recorreu da decis\u00e3o tomada pela ju\u00edza Ana Flavia Melo Vello, da Segunda Vara C\u00edvel, e conseguiu uma decis\u00e3o favor\u00e1vel do desembargador Fernando Bravin, que suspendeu a liminar. Com esse desdobramento, a a\u00e7\u00e3o foi para an\u00e1lise do plen\u00e1rio do Tribunal de Justi\u00e7a, e a igreja acabou perdendo por 2 votos a 1.<\/p>\n\n\n\n<h2>Relator cita fake news<\/h2>\n\n\n\n<p>Em seu voto na a\u00e7\u00e3o, o relator Samuel Meira Brasil Jr chegou a citar a pol\u00eamica recente envolvendo o pastor Andr\u00e9 Valad\u00e3o, mas sem cit\u00e1-lo nominalmente. O magistrado repercutiu a falsa narrativa de que o l\u00edder global da Igreja Batista da Lagoinha teria incitado o assassinato de pessoas LGBTs.<\/p>\n\n\n\n<p>\u201cPara que todos possam ter a ideia do impacto e da for\u00e7a que uma palavra tem, n\u00f3s podemos ver no recente epis\u00f3dio em que um pastor fez uma suposta alus\u00e3o \u00e0 vontade de Deus e<strong>&nbsp;incitou fi\u00e9is a matarem a popula\u00e7\u00e3o LGBTQIAP+<\/strong>\u201c, afirmou o relator, com destaque nosso.<\/p>\n\n\n\n<p>Samuel Meira Brasil Jr admitiu que o caso de Andr\u00e9 Valad\u00e3o n\u00e3o possui qualquer rela\u00e7\u00e3o com a a\u00e7\u00e3o contra a Pibara, mas ainda assim fez refer\u00eancia ao caso para argumentar que a liberdade de express\u00e3o deve ter limites.<\/p>\n\n\n\n<p>\u201cN\u00e3o estou dizendo que isso aconteceu nesse caso (o da Pibara), mas estou demonstrando que n\u00e3o \u00e9 qualquer express\u00e3o que est\u00e1 abrangida pela liberdade constitucional. N\u00f3s temos limites para qualquer princ\u00edpio jur\u00eddico que possa ser institu\u00eddo na nossa Carta Magna\u201d, alegou o magistrado.<\/p>\n\n\n\n<h2>Vai recorrer<\/h2>\n\n\n\n<p>Segundo informa\u00e7\u00f5es da revista&nbsp;<a href=\"https:\/\/comunhao.com.br\/tjes-rejeita-agravo-requerido-pela-pibara-e-mantem-condenacao-da-igreja\/\">Comunh\u00e3o<\/a>, o pastor da Pibara, Luciano Estevam Gomes, disse que a igreja vai recorrer, caso a derrota seja confirmada em primeira inst\u00e2ncia.<\/p>\n\n\n\n<figure class=\"wp-block-image\"><img src=\"https:\/\/revistaforum.com.br\/u\/fotografias\/m\/2022\/7\/11\/f960x540-84355_158430_0.jpg\" alt=\"Igreja \u00e9 alvo de censura judicial por se manifestar contra o ativismo LGBT+. Foto: reprodu\u00e7\u00e3o\"\/><figcaption>Igreja \u00e9 alvo de censura judicial por se manifestar contra o ativismo LGBT+. Foto: reprodu\u00e7\u00e3o<\/figcaption><\/figure>\n\n\n\n<p>\u201cAgora teremos que ser julgado em primeira inst\u00e2ncia aqui em Aracruz, e se perdermos, recorreremos ao STF\u201d, disse ele, explicando que a poss\u00edvel derrota nesta a\u00e7\u00e3o poder\u00e1 impactar a livre prega\u00e7\u00e3o no pa\u00eds. \u201cO que est\u00e1 em jogo? A liberdade religiosa de todas as religi\u00f5es do Brasil, mas infelizmente a maioria n\u00e3o est\u00e1 atenta a isso\u201d.<\/p>\n","protected":false},"excerpt":{"rendered":"<p>Uma igreja situada no estado do Esp\u00edrito Santo sofreu uma nova derrota judicial, dessa vez no Tribunal de Justi\u00e7a estadual, ap\u00f3s entrar com um recurso para tentar suspender uma liminar que determinou a remo\u00e7\u00e3o de um outdoor contra o ativismo LGBT+, exibido na faixada no seu templo. A batalha judicial vem sendo travada&nbsp;desde julho do [&hellip;]<\/p>\n","protected":false},"author":2,"featured_media":16406,"comment_status":"open","ping_status":"open","sticky":false,"template":"","format":"standard","meta":[],"categories":[10],"tags":[],"_links":{"self":[{"href":"https:\/\/dgospel.com.br\/portal\/index.php\/wp-json\/wp\/v2\/posts\/16405"}],"collection":[{"href":"https:\/\/dgospel.com.br\/portal\/index.php\/wp-json\/wp\/v2\/posts"}],"about":[{"href":"https:\/\/dgospel.com.br\/portal\/index.php\/wp-json\/wp\/v2\/types\/post"}],"author":[{"embeddable":true,"href":"https:\/\/dgospel.com.br\/portal\/index.php\/wp-json\/wp\/v2\/users\/2"}],"replies":[{"embeddable":true,"href":"https:\/\/dgospel.com.br\/portal\/index.php\/wp-json\/wp\/v2\/comments?post=16405"}],"version-history":[{"count":1,"href":"https:\/\/dgospel.com.br\/portal\/index.php\/wp-json\/wp\/v2\/posts\/16405\/revisions"}],"predecessor-version":[{"id":16407,"href":"https:\/\/dgospel.com.br\/portal\/index.php\/wp-json\/wp\/v2\/posts\/16405\/revisions\/16407"}],"wp:featuredmedia":[{"embeddable":true,"href":"https:\/\/dgospel.com.br\/portal\/index.php\/wp-json\/wp\/v2\/media\/16406"}],"wp:attachment":[{"href":"https:\/\/dgospel.com.br\/portal\/index.php\/wp-json\/wp\/v2\/media?parent=16405"}],"wp:term":[{"taxonomy":"category","embeddable":true,"href":"https:\/\/dgospel.com.br\/portal\/index.php\/wp-json\/wp\/v2\/categories?post=16405"},{"taxonomy":"post_tag","embeddable":true,"href":"https:\/\/dgospel.com.br\/portal\/index.php\/wp-json\/wp\/v2\/tags?post=16405"}],"curies":[{"name":"wp","href":"https:\/\/api.w.org\/{rel}","templated":true}]}}