{"id":16408,"date":"2023-07-12T11:06:08","date_gmt":"2023-07-12T14:06:08","guid":{"rendered":"http:\/\/dgospel.com.br\/portal\/?p=16408"},"modified":"2023-07-12T11:06:09","modified_gmt":"2023-07-12T14:06:09","slug":"justica-proibe-cidade-de-custear-festival-evangelico-afronta-ao-estado-laico","status":"publish","type":"post","link":"https:\/\/dgospel.com.br\/portal\/index.php\/2023\/07\/12\/justica-proibe-cidade-de-custear-festival-evangelico-afronta-ao-estado-laico\/","title":{"rendered":"Justi\u00e7a pro\u00edbe cidade de custear festival evang\u00e9lico: &#8216;Afronta ao Estado laico&#8217;"},"content":{"rendered":"\n<p>Uma decis\u00e3o da Justi\u00e7a proibiu a Prefeitura de Lorena, em S\u00e3o Paulo, de custear um&nbsp;<strong><a href=\"https:\/\/guiame.com.br\/gospel\/missoes-acao-social\/igreja-promove-show-beneficente-em-prol-das-familias-afetadas-pelas-enchentes-em-recife.html\">festival evang\u00e9lico<\/a><\/strong>, previsto para iniciar na quinta-feira (13).<\/p>\n\n\n\n<p>O evento \u201cAdora Lorena\u201d \u00e9 uma iniciativa da pr\u00f3pria administra\u00e7\u00e3o do munic\u00edpio atrav\u00e9s da Secretaria de Cultura, com a participa\u00e7\u00e3o de grandes nomes da m\u00fasica gospel: Anderson Freire, Gabriel Guedes e Pastor Lucas.<\/p>\n\n\n\n<p>A decis\u00e3o, divulgada nesta segunda-feira (10), atende a um pedido do Minist\u00e9rio P\u00fablico (MP) que entrou com a a\u00e7\u00e3o civil p\u00fablica contra a Prefeitura de Lorena, ap\u00f3s receber uma den\u00fancia an\u00f4nima.<\/p>\n\n\n\n<p><img src=\"https:\/\/thumbor.guiame.com.br\/unsafe\/smart\/https:\/\/media.guiame.com.br\/archives\/2023\/07\/11\/2687628532-.jpg\" alt=\"\" width=\"600\"><br><sup>O Minist\u00e9rio P\u00fablico entrou com a a\u00e7\u00e3o contra a Prefeitura de Lorena. (Foto: Divulga\u00e7\u00e3o).<\/sup><\/p>\n\n\n\n<p>Na peti\u00e7\u00e3o, o MP alegou que a prefeitura anunciou o evento evang\u00e9lico como uma realiza\u00e7\u00e3o pr\u00f3pria, o que feriria o Estado laico.<\/p>\n\n\n\n<p>\u201cA subven\u00e7\u00e3o a evento religioso evang\u00e9lico afronta a laicidade do Estado, pois compromete a imparcialidade estatal em rela\u00e7\u00e3o \u00e0s v\u00e1rias religi\u00f5es, n\u00e3o as apoiando e nem as restringindo\u201d, afirmou o promotor, no documento.<\/p>\n\n\n\n<p>O pedido do Minist\u00e9rio P\u00fablico foi acatado pelo juiz Wallace Gon\u00e7alves dos Santos. \u201cA participa\u00e7\u00e3o do poder p\u00fablico mediante custeio de festival acaba por privilegiar diretamente determinada orienta\u00e7\u00e3o ou cren\u00e7a, o que implica em injustificada distin\u00e7\u00e3o entre credos\u201d, justificou Gon\u00e7alves.<\/p>\n\n\n\n<p>O juiz determinou a absten\u00e7\u00e3o do pagamento do festival por parte da Prefeitura, sob pena de multa.&nbsp;<\/p>\n\n\n\n<p>Por\u00e9m, de acordo com apura\u00e7\u00e3o do G1 ao Portal da Transpar\u00eancia, a administra\u00e7\u00e3o j\u00e1 pagou R$ 142,5 mil dos R$ 285 mil previstos para os tr\u00eas cantores convidados.<\/p>\n\n\n\n<p><strong>Prefeitura vai recorrer<\/strong><\/p>\n\n\n\n<p>Ao G1, a Prefeitura de Lorena afirmou que vai recorrer da decis\u00e3o e que o evento n\u00e3o \u00e9 destinado apenas ao p\u00fablico evang\u00e9lico, mas a toda popula\u00e7\u00e3o.<\/p>\n\n\n\n<p>\u201cO Adora Lorena \u00e9 um evento cultural, que atender\u00e1 n\u00e3o somente o p\u00fablico evang\u00e9lico, mas tamb\u00e9m toda a popula\u00e7\u00e3o de Lorena, fomentando a Cultura e o Turismo do munic\u00edpio\u201d, afirmou a prefeitura, em nota.<\/p>\n\n\n\n<p>E continuou: \u201cPodemos concluir que o Adora Lorena, assim como outros eventos promovidos pela Prefeitura de Lorena, reveste-se \u00fanica exclusivamente de car\u00e1ter cultural, tendo como resultado direto a valoriza\u00e7\u00e3o das m\u00faltiplas identidades culturais da cidade&#8221;.<\/p>\n\n\n\n<p>Antes da a\u00e7\u00e3o do MP, a administra\u00e7\u00e3o j\u00e1 havia assinado o contrato com as tr\u00eas principais atra\u00e7\u00f5es atrav\u00e9s da empresa Criative Music e pago metade dos custos.<\/p>\n\n\n\n<p>O total dos cach\u00eas somam R$ 285 mil, divididos entre o cantor Anderson Freire (R$ 135 mil), Gabriel Guedes (R$ 85 mil) e Pastor Lucas (R$ 65 mil).<\/p>\n","protected":false},"excerpt":{"rendered":"<p>Uma decis\u00e3o da Justi\u00e7a proibiu a Prefeitura de Lorena, em S\u00e3o Paulo, de custear um&nbsp;festival evang\u00e9lico, previsto para iniciar na quinta-feira (13). O evento \u201cAdora Lorena\u201d \u00e9 uma iniciativa da pr\u00f3pria administra\u00e7\u00e3o do munic\u00edpio atrav\u00e9s da Secretaria de Cultura, com a participa\u00e7\u00e3o de grandes nomes da m\u00fasica gospel: Anderson Freire, Gabriel Guedes e Pastor Lucas. [&hellip;]<\/p>\n","protected":false},"author":2,"featured_media":16409,"comment_status":"open","ping_status":"open","sticky":false,"template":"","format":"standard","meta":[],"categories":[5],"tags":[],"_links":{"self":[{"href":"https:\/\/dgospel.com.br\/portal\/index.php\/wp-json\/wp\/v2\/posts\/16408"}],"collection":[{"href":"https:\/\/dgospel.com.br\/portal\/index.php\/wp-json\/wp\/v2\/posts"}],"about":[{"href":"https:\/\/dgospel.com.br\/portal\/index.php\/wp-json\/wp\/v2\/types\/post"}],"author":[{"embeddable":true,"href":"https:\/\/dgospel.com.br\/portal\/index.php\/wp-json\/wp\/v2\/users\/2"}],"replies":[{"embeddable":true,"href":"https:\/\/dgospel.com.br\/portal\/index.php\/wp-json\/wp\/v2\/comments?post=16408"}],"version-history":[{"count":1,"href":"https:\/\/dgospel.com.br\/portal\/index.php\/wp-json\/wp\/v2\/posts\/16408\/revisions"}],"predecessor-version":[{"id":16410,"href":"https:\/\/dgospel.com.br\/portal\/index.php\/wp-json\/wp\/v2\/posts\/16408\/revisions\/16410"}],"wp:featuredmedia":[{"embeddable":true,"href":"https:\/\/dgospel.com.br\/portal\/index.php\/wp-json\/wp\/v2\/media\/16409"}],"wp:attachment":[{"href":"https:\/\/dgospel.com.br\/portal\/index.php\/wp-json\/wp\/v2\/media?parent=16408"}],"wp:term":[{"taxonomy":"category","embeddable":true,"href":"https:\/\/dgospel.com.br\/portal\/index.php\/wp-json\/wp\/v2\/categories?post=16408"},{"taxonomy":"post_tag","embeddable":true,"href":"https:\/\/dgospel.com.br\/portal\/index.php\/wp-json\/wp\/v2\/tags?post=16408"}],"curies":[{"name":"wp","href":"https:\/\/api.w.org\/{rel}","templated":true}]}}