{"id":16418,"date":"2023-07-12T17:14:35","date_gmt":"2023-07-12T20:14:35","guid":{"rendered":"http:\/\/dgospel.com.br\/portal\/?p=16418"},"modified":"2023-07-12T17:14:36","modified_gmt":"2023-07-12T20:14:36","slug":"moraes-sinaliza-a-lula-que-quer-flavio-dino-no-stf-diz-folha","status":"publish","type":"post","link":"https:\/\/dgospel.com.br\/portal\/index.php\/2023\/07\/12\/moraes-sinaliza-a-lula-que-quer-flavio-dino-no-stf-diz-folha\/","title":{"rendered":"Moraes sinaliza a Lula que quer Fl\u00e1vio Dino no STF, diz Folha"},"content":{"rendered":"\n<p>O presidente Lula (PT) teve uma reuni\u00e3o reservada com o ministro do Supremo Tribunal Federal (STF), Alexandre de Moraes, antes do recesso do Judici\u00e1rio. Durante a conversa, Moraes expressou sua admira\u00e7\u00e3o pelo Ministro da Justi\u00e7a, Fl\u00e1vio Dino, sugerindo que ele seria uma boa escolha para ser indicado ao STF. A ministra Rosa Weber se aposentar\u00e1 em outubro, abrindo uma vaga que Lula ter\u00e1 que preencher com um novo ministro ou ministra, segundo informa\u00e7\u00e3o do jornal Folha de S. Paulo.<a rel=\"noreferrer noopener\" href=\"https:\/\/www.assembleia.pr.leg.br\/assembleia-itinerante\/sugestao-de-melhorias-para-sua-cidade\" target=\"_blank\"><\/a><\/p>\n\n\n\n<p>A informa\u00e7\u00e3o de que Moraes mencionou Dino foi uma surpresa para Lula, segundo fontes pr\u00f3ximas ao presidente, que relatou o ocorrido a seu c\u00edrculo \u00edntimo. Contudo, a fala de Moraes n\u00e3o foi vista como um lobby para Dino, mas como um ind\u00edcio de que a indica\u00e7\u00e3o de Dino para o STF n\u00e3o enfrentaria oposi\u00e7\u00e3o.<\/p>\n\n\n\n<p>O coment\u00e1rio de Moraes intensificou, nos bastidores, a considera\u00e7\u00e3o do nome de Dino para a vaga no STF. Existe uma percep\u00e7\u00e3o no governo de que Dino, que n\u00e3o demonstrou interesse na posi\u00e7\u00e3o, poderia aceitar uma poss\u00edvel indica\u00e7\u00e3o.<\/p>\n\n\n\n<p>Ex-deputado, ex-governador do Maranh\u00e3o, senador eleito e agora ministro, Dino \u00e9 considerado dentro do minist\u00e9rio como algu\u00e9m com a envergadura necess\u00e1ria para almejar posi\u00e7\u00f5es pol\u00edticas de alto escal\u00e3o, incluindo a presid\u00eancia.<\/p>\n\n\n\n<p>No entanto, Dino pode encontrar obst\u00e1culos em seu caminho. Lula pode se candidatar \u00e0 reelei\u00e7\u00e3o em 2026. Caso Lula decida n\u00e3o concorrer, o PT provavelmente indicaria um candidato pr\u00f3prio, como Fernando Haddad, por exemplo. Al\u00e9m disso, Dino tem encontrado resist\u00eancia dentro do PT e seu pr\u00f3prio partido, o PSB, tem outro potencial candidato presidencial: o vice-presidente da Rep\u00fablica, Geraldo Alckmin.<\/p>\n","protected":false},"excerpt":{"rendered":"<p>O presidente Lula (PT) teve uma reuni\u00e3o reservada com o ministro do Supremo Tribunal Federal (STF), Alexandre de Moraes, antes do recesso do Judici\u00e1rio. Durante a conversa, Moraes expressou sua admira\u00e7\u00e3o pelo Ministro da Justi\u00e7a, Fl\u00e1vio Dino, sugerindo que ele seria uma boa escolha para ser indicado ao STF. A ministra Rosa Weber se aposentar\u00e1 [&hellip;]<\/p>\n","protected":false},"author":2,"featured_media":16419,"comment_status":"open","ping_status":"open","sticky":false,"template":"","format":"standard","meta":[],"categories":[4],"tags":[],"_links":{"self":[{"href":"https:\/\/dgospel.com.br\/portal\/index.php\/wp-json\/wp\/v2\/posts\/16418"}],"collection":[{"href":"https:\/\/dgospel.com.br\/portal\/index.php\/wp-json\/wp\/v2\/posts"}],"about":[{"href":"https:\/\/dgospel.com.br\/portal\/index.php\/wp-json\/wp\/v2\/types\/post"}],"author":[{"embeddable":true,"href":"https:\/\/dgospel.com.br\/portal\/index.php\/wp-json\/wp\/v2\/users\/2"}],"replies":[{"embeddable":true,"href":"https:\/\/dgospel.com.br\/portal\/index.php\/wp-json\/wp\/v2\/comments?post=16418"}],"version-history":[{"count":1,"href":"https:\/\/dgospel.com.br\/portal\/index.php\/wp-json\/wp\/v2\/posts\/16418\/revisions"}],"predecessor-version":[{"id":16420,"href":"https:\/\/dgospel.com.br\/portal\/index.php\/wp-json\/wp\/v2\/posts\/16418\/revisions\/16420"}],"wp:featuredmedia":[{"embeddable":true,"href":"https:\/\/dgospel.com.br\/portal\/index.php\/wp-json\/wp\/v2\/media\/16419"}],"wp:attachment":[{"href":"https:\/\/dgospel.com.br\/portal\/index.php\/wp-json\/wp\/v2\/media?parent=16418"}],"wp:term":[{"taxonomy":"category","embeddable":true,"href":"https:\/\/dgospel.com.br\/portal\/index.php\/wp-json\/wp\/v2\/categories?post=16418"},{"taxonomy":"post_tag","embeddable":true,"href":"https:\/\/dgospel.com.br\/portal\/index.php\/wp-json\/wp\/v2\/tags?post=16418"}],"curies":[{"name":"wp","href":"https:\/\/api.w.org\/{rel}","templated":true}]}}