{"id":16424,"date":"2023-07-12T17:42:45","date_gmt":"2023-07-12T20:42:45","guid":{"rendered":"http:\/\/dgospel.com.br\/portal\/?p=16424"},"modified":"2023-07-12T17:42:46","modified_gmt":"2023-07-12T20:42:46","slug":"apos-provocar-confusao-em-cpi-deputada-do-psol-sera-levada-ao-conselho-de-etica","status":"publish","type":"post","link":"https:\/\/dgospel.com.br\/portal\/index.php\/2023\/07\/12\/apos-provocar-confusao-em-cpi-deputada-do-psol-sera-levada-ao-conselho-de-etica\/","title":{"rendered":"Ap\u00f3s provocar confus\u00e3o em CPI, deputada do PSOL ser\u00e1 levada ao Conselho de \u00c9tica"},"content":{"rendered":"\n<p>Nesta quarta-feira (12), o presidente do Comiss\u00e3o Parlamentar de Inqu\u00e9rito (CPI) do Movimento dos Trabalhadores Sem Terra (MST), Coronel Zucco (Republicanos-RS), anunciou que far\u00e1 duas representa\u00e7\u00f5es contra a deputada S\u00e2mia Bomfim (PSOL-SP) ao Conselho de \u00c9tica da C\u00e2mara dos Deputados.<\/p>\n\n\n\n<p>Os motivos ser\u00e3o as palavras proferidas pela parlamentar contra seus pares durante as discuss\u00f5es do trabalho da CPI. Bomfim tem usado o espa\u00e7o para atacar o agroneg\u00f3cio e entrado em embate com os deputados da oposi\u00e7\u00e3o.<\/p>\n\n\n\n<p>Nos debates, ela chamou alguns colegas de bandidos. O embate \u00e9 direcionado ao relator da CPI, Ricardo Salles (PL-SP), ex-ministro da Agricultura do governo do ex-presidente Jair Bolsonaro.<\/p>\n\n\n\n<p>Inclusive, foi Salles que sugeriu que os deputados apresentassem uma representa\u00e7\u00e3o conjunta contra S\u00e2mia.<\/p>\n\n\n\n<p>Zucco, por diversas vezes, avisou a deputada do PSOL de que o C\u00f3digo de \u00c9tica da C\u00e2mara pede para que os deputados se tratem de forma cort\u00eas. N\u00e3o havendo resposta, o presidente da CPI anunciou a decis\u00e3o.<\/p>\n\n\n\n<p><strong>ASSISTA:<\/strong><\/p>\n\n\n\n<figure class=\"wp-block-embed is-type-video is-provider-youtube wp-block-embed-youtube wp-embed-aspect-16-9 wp-has-aspect-ratio\"><div class=\"wp-block-embed__wrapper\">\n<iframe loading=\"lazy\" title=\"CPI do MST - Aprovadas convoca\u00e7\u00f5es de integrante do MST e auditor da CGU - 12\/07\/2023\" width=\"630\" height=\"354\" src=\"https:\/\/www.youtube.com\/embed\/uj8JOAVHDHU?start=4674&#038;feature=oembed\" frameborder=\"0\" allow=\"accelerometer; autoplay; clipboard-write; encrypted-media; gyroscope; picture-in-picture; web-share\" allowfullscreen><\/iframe>\n<\/div><\/figure>\n","protected":false},"excerpt":{"rendered":"<p>Nesta quarta-feira (12), o presidente do Comiss\u00e3o Parlamentar de Inqu\u00e9rito (CPI) do Movimento dos Trabalhadores Sem Terra (MST), Coronel Zucco (Republicanos-RS), anunciou que far\u00e1 duas representa\u00e7\u00f5es contra a deputada S\u00e2mia Bomfim (PSOL-SP) ao Conselho de \u00c9tica da C\u00e2mara dos Deputados. Os motivos ser\u00e3o as palavras proferidas pela parlamentar contra seus pares durante as discuss\u00f5es do [&hellip;]<\/p>\n","protected":false},"author":2,"featured_media":16425,"comment_status":"open","ping_status":"open","sticky":false,"template":"","format":"standard","meta":[],"categories":[8],"tags":[],"_links":{"self":[{"href":"https:\/\/dgospel.com.br\/portal\/index.php\/wp-json\/wp\/v2\/posts\/16424"}],"collection":[{"href":"https:\/\/dgospel.com.br\/portal\/index.php\/wp-json\/wp\/v2\/posts"}],"about":[{"href":"https:\/\/dgospel.com.br\/portal\/index.php\/wp-json\/wp\/v2\/types\/post"}],"author":[{"embeddable":true,"href":"https:\/\/dgospel.com.br\/portal\/index.php\/wp-json\/wp\/v2\/users\/2"}],"replies":[{"embeddable":true,"href":"https:\/\/dgospel.com.br\/portal\/index.php\/wp-json\/wp\/v2\/comments?post=16424"}],"version-history":[{"count":1,"href":"https:\/\/dgospel.com.br\/portal\/index.php\/wp-json\/wp\/v2\/posts\/16424\/revisions"}],"predecessor-version":[{"id":16426,"href":"https:\/\/dgospel.com.br\/portal\/index.php\/wp-json\/wp\/v2\/posts\/16424\/revisions\/16426"}],"wp:featuredmedia":[{"embeddable":true,"href":"https:\/\/dgospel.com.br\/portal\/index.php\/wp-json\/wp\/v2\/media\/16425"}],"wp:attachment":[{"href":"https:\/\/dgospel.com.br\/portal\/index.php\/wp-json\/wp\/v2\/media?parent=16424"}],"wp:term":[{"taxonomy":"category","embeddable":true,"href":"https:\/\/dgospel.com.br\/portal\/index.php\/wp-json\/wp\/v2\/categories?post=16424"},{"taxonomy":"post_tag","embeddable":true,"href":"https:\/\/dgospel.com.br\/portal\/index.php\/wp-json\/wp\/v2\/tags?post=16424"}],"curies":[{"name":"wp","href":"https:\/\/api.w.org\/{rel}","templated":true}]}}