{"id":16427,"date":"2023-07-12T17:44:44","date_gmt":"2023-07-12T20:44:44","guid":{"rendered":"http:\/\/dgospel.com.br\/portal\/?p=16427"},"modified":"2023-07-12T17:44:45","modified_gmt":"2023-07-12T20:44:45","slug":"magno-malta-critica-lula-pelo-fim-das-escolas-civico-militares","status":"publish","type":"post","link":"https:\/\/dgospel.com.br\/portal\/index.php\/2023\/07\/12\/magno-malta-critica-lula-pelo-fim-das-escolas-civico-militares\/","title":{"rendered":"Magno Malta critica Lula pelo fim das escolas c\u00edvico-militares"},"content":{"rendered":"\n<p>O senador Magno Malta (PL-ES) criticou a decis\u00e3o do presidente Luiz In\u00e1cio Lula da Silva (PT) de acabar com o programa de escolas c\u00edvico-militares, um projeto do ex-presidente Jair Bolsonaro (PL). A decis\u00e3o divulgada nesta quarta-feira (12), desfaz um programa que tinha como objetivo melhorar a qualidade do ensino no pa\u00eds.<\/p>\n\n\n\n<p>Malta chamou Lula de \u201cpadrasto dos pobres\u201d e lamentou que um programa que apresentou resultados t\u00e3o relevantes nos \u00faltimos anos seja perseguido pelo atual governo.<\/p>\n\n\n\n<p>\u2013 As escolas c\u00edvico-militares reduziram em 82% a viol\u00eancia escolar no Brasil. Mas isso n\u00e3o serve para quem \u00e9 ideol\u00f3gico e pra quem est\u00e1 trabalhando para fechar um cerco ideol\u00f3gico nessa mudan\u00e7a de regime \u2013 declarou.<\/p>\n\n\n\n<p>O parlamentar lembra que, na sua \u00e9poca de escola, as pessoas respeitavam os professores e os alunos; mas, atualmente, as escolas est\u00e3o tomadas de viol\u00eancia.<\/p>\n\n\n\n<p>A decis\u00e3o do governo Lula de acabar com as escolas c\u00edvico-militares ser\u00e1 iniciada de forma gradual, assim, os integrantes das For\u00e7as Armadas envolvidos na implementa\u00e7\u00e3o dessas escolas ser\u00e3o desmobilizados de forma progressiva.<\/p>\n\n\n\n<p>As 203 escolas c\u00edvico-militares distribu\u00eddas em 23 estados n\u00e3o ir\u00e3o fechar, mas ser\u00e3o reintegradas \u00e0 rede regular de ensino.<\/p>\n","protected":false},"excerpt":{"rendered":"<p>O senador Magno Malta (PL-ES) criticou a decis\u00e3o do presidente Luiz In\u00e1cio Lula da Silva (PT) de acabar com o programa de escolas c\u00edvico-militares, um projeto do ex-presidente Jair Bolsonaro (PL). A decis\u00e3o divulgada nesta quarta-feira (12), desfaz um programa que tinha como objetivo melhorar a qualidade do ensino no pa\u00eds. Malta chamou Lula de [&hellip;]<\/p>\n","protected":false},"author":2,"featured_media":16428,"comment_status":"open","ping_status":"open","sticky":false,"template":"","format":"standard","meta":[],"categories":[8],"tags":[],"_links":{"self":[{"href":"https:\/\/dgospel.com.br\/portal\/index.php\/wp-json\/wp\/v2\/posts\/16427"}],"collection":[{"href":"https:\/\/dgospel.com.br\/portal\/index.php\/wp-json\/wp\/v2\/posts"}],"about":[{"href":"https:\/\/dgospel.com.br\/portal\/index.php\/wp-json\/wp\/v2\/types\/post"}],"author":[{"embeddable":true,"href":"https:\/\/dgospel.com.br\/portal\/index.php\/wp-json\/wp\/v2\/users\/2"}],"replies":[{"embeddable":true,"href":"https:\/\/dgospel.com.br\/portal\/index.php\/wp-json\/wp\/v2\/comments?post=16427"}],"version-history":[{"count":1,"href":"https:\/\/dgospel.com.br\/portal\/index.php\/wp-json\/wp\/v2\/posts\/16427\/revisions"}],"predecessor-version":[{"id":16429,"href":"https:\/\/dgospel.com.br\/portal\/index.php\/wp-json\/wp\/v2\/posts\/16427\/revisions\/16429"}],"wp:featuredmedia":[{"embeddable":true,"href":"https:\/\/dgospel.com.br\/portal\/index.php\/wp-json\/wp\/v2\/media\/16428"}],"wp:attachment":[{"href":"https:\/\/dgospel.com.br\/portal\/index.php\/wp-json\/wp\/v2\/media?parent=16427"}],"wp:term":[{"taxonomy":"category","embeddable":true,"href":"https:\/\/dgospel.com.br\/portal\/index.php\/wp-json\/wp\/v2\/categories?post=16427"},{"taxonomy":"post_tag","embeddable":true,"href":"https:\/\/dgospel.com.br\/portal\/index.php\/wp-json\/wp\/v2\/tags?post=16427"}],"curies":[{"name":"wp","href":"https:\/\/api.w.org\/{rel}","templated":true}]}}