{"id":16430,"date":"2023-07-12T17:56:43","date_gmt":"2023-07-12T20:56:43","guid":{"rendered":"http:\/\/dgospel.com.br\/portal\/?p=16430"},"modified":"2023-07-12T17:56:44","modified_gmt":"2023-07-12T20:56:44","slug":"campeao-de-emendas-paga-por-lula-na-camara-ja-nem-e-mais-deputado","status":"publish","type":"post","link":"https:\/\/dgospel.com.br\/portal\/index.php\/2023\/07\/12\/campeao-de-emendas-paga-por-lula-na-camara-ja-nem-e-mais-deputado\/","title":{"rendered":"Campe\u00e3o de emendas paga por Lula na C\u00e2mara j\u00e1 nem \u00e9 mais deputado"},"content":{"rendered":"\n<p>Na lista dos agraciados com os R$ 10,9 bilh\u00f5es em emendas parlamentares pagas pelo governo&nbsp;<a href=\"http:\/\/pleno.news\/tag\/lula\" target=\"_blank\" rel=\"noreferrer noopener\">Lula<\/a>&nbsp;(PT) entre o dia 1\u00b0 de janeiro e o dia 10 de julho deste ano, um nome certamente chama a aten\u00e7\u00e3o por sequer ter mandato atual no Parlamento: o ex-deputado federal Pedro Vilela (PSDB-AL).<\/p>\n\n\n\n<p>Vilela teve dois mandatos consecutivos na\u00a0<a rel=\"noreferrer noopener\" href=\"http:\/\/pleno.news\/tag\/camara-dos-deputados\" target=\"_blank\">C\u00e2mara<\/a>, onde ficou entre janeiro de 2015 e janeiro deste ano. Em 2022, por\u00e9m, ao tentar conquistar seu terceiro per\u00edodo consecutivo na Casa, o pol\u00edtico recebeu 25.770 votos e n\u00e3o conseguiu ser eleito. O PSDB de Alagoas, inclusive, n\u00e3o conseguiu qualquer vaga para a C\u00e2mara no \u00faltimo pleito.<\/p>\n\n\n\n<p>Mesmo j\u00e1 n\u00e3o estando no Parlamento, Vilela foi beneficiado com duas emendas pagas pelo governo neste ano, totalizando R$ 36 milh\u00f5es. Com essa quantia, ele \u00e9 at\u00e9 agora o parlamentar ou ex-parlamentar da C\u00e2mara que teve o maior valor de emendas concretizadas em 2023.<\/p>\n\n\n\n<p>De acordo com o Portal da Transpar\u00eancia do governo federal, a maior emenda de Vilela paga neste ano, e tamb\u00e9m a mais alta de todos os oito anos em que ele fez parte do Congresso, foi de R$ 30 milh\u00f5es destinada ao \u201cincremento tempor\u00e1rio ao custeio dos servi\u00e7os de assist\u00eancia hospitalar e ambulatorial para cumprimento de metas\u201d.<\/p>\n\n\n\n<p>O curioso fato de Vilela ter um valor t\u00e3o alto em emendas pagas, mesmo j\u00e1 estando fora do Congresso desde o in\u00edcio do ano, decorre do fato de que ele possu\u00eda indica\u00e7\u00f5es de outros anos que ainda n\u00e3o tinham sido quitadas e tamb\u00e9m sugest\u00f5es feitas em 2022, \u00faltimo ano de mandato dele, no Projeto de Lei Or\u00e7ament\u00e1ria Anual (PLOA) para 2023.<\/p>\n\n\n\n<figure class=\"wp-block-image\"><img src=\"https:\/\/static.cdn.pleno.news\/2023\/07\/Deputado-federal-Pedro-Vilela-1024x692.jpg\" alt=\"\" class=\"wp-image-1168296\"\/><figcaption>Deputado federal Pedro Vilela&nbsp;Foto: Pablo Valadares\/C\u00e2mara dos Deputados<\/figcaption><\/figure>\n\n\n\n<p><strong>LULA PAGOU R$ 10,9 BILH\u00d5ES EM EMENDAS<br><\/strong>O governo pagou entre o dia 1\u00b0 de janeiro e a \u00faltima segunda-feira, dia 10 de julho, R$ 10,9 bilh\u00f5es em emendas a deputados e senadores e bancadas estaduais do&nbsp;<a href=\"https:\/\/pleno.news\/tag\/congresso\" target=\"_blank\" rel=\"noreferrer noopener\">Congresso Nacional<\/a>. Esse valor, por\u00e9m, deu um salto nos \u00faltimos meses com a necessidade de o governo aprovar pautas importantes no Parlamento, como a medida provis\u00f3ria dos minist\u00e9rios e a reforma tribut\u00e1ria.<\/p>\n\n\n\n<p>Na lista dos parlamentares mais beneficiados com as emendas, a lideran\u00e7a fica com a senadora Mara Gabrilli (PSD-SP), que j\u00e1 teve R$ 46,7 milh\u00f5es em emendas pagas at\u00e9 agora. Esse valor \u00e9 maior at\u00e9 que o pago a emendas de bancadas estaduais como a do Rio de Janeiro (R$ 38,1 milh\u00f5es) e S\u00e3o Paulo (R$ 22,3 milh\u00f5es).<\/p>\n\n\n\n<p>Ap\u00f3s Gabrilli, aparecem na lista dos mais agraciados com as emendas a senadora Daniela Ribeiro (PSD-PB), com R$ 39,7 milh\u00f5es; e o senador Fl\u00e1vio Arns (PSB-PR), com R$ 37,3 milh\u00f5es.<\/p>\n","protected":false},"excerpt":{"rendered":"<p>Na lista dos agraciados com os R$ 10,9 bilh\u00f5es em emendas parlamentares pagas pelo governo&nbsp;Lula&nbsp;(PT) entre o dia 1\u00b0 de janeiro e o dia 10 de julho deste ano, um nome certamente chama a aten\u00e7\u00e3o por sequer ter mandato atual no Parlamento: o ex-deputado federal Pedro Vilela (PSDB-AL). Vilela teve dois mandatos consecutivos na\u00a0C\u00e2mara, onde [&hellip;]<\/p>\n","protected":false},"author":2,"featured_media":16431,"comment_status":"open","ping_status":"open","sticky":false,"template":"","format":"standard","meta":[],"categories":[4],"tags":[],"_links":{"self":[{"href":"https:\/\/dgospel.com.br\/portal\/index.php\/wp-json\/wp\/v2\/posts\/16430"}],"collection":[{"href":"https:\/\/dgospel.com.br\/portal\/index.php\/wp-json\/wp\/v2\/posts"}],"about":[{"href":"https:\/\/dgospel.com.br\/portal\/index.php\/wp-json\/wp\/v2\/types\/post"}],"author":[{"embeddable":true,"href":"https:\/\/dgospel.com.br\/portal\/index.php\/wp-json\/wp\/v2\/users\/2"}],"replies":[{"embeddable":true,"href":"https:\/\/dgospel.com.br\/portal\/index.php\/wp-json\/wp\/v2\/comments?post=16430"}],"version-history":[{"count":1,"href":"https:\/\/dgospel.com.br\/portal\/index.php\/wp-json\/wp\/v2\/posts\/16430\/revisions"}],"predecessor-version":[{"id":16432,"href":"https:\/\/dgospel.com.br\/portal\/index.php\/wp-json\/wp\/v2\/posts\/16430\/revisions\/16432"}],"wp:featuredmedia":[{"embeddable":true,"href":"https:\/\/dgospel.com.br\/portal\/index.php\/wp-json\/wp\/v2\/media\/16431"}],"wp:attachment":[{"href":"https:\/\/dgospel.com.br\/portal\/index.php\/wp-json\/wp\/v2\/media?parent=16430"}],"wp:term":[{"taxonomy":"category","embeddable":true,"href":"https:\/\/dgospel.com.br\/portal\/index.php\/wp-json\/wp\/v2\/categories?post=16430"},{"taxonomy":"post_tag","embeddable":true,"href":"https:\/\/dgospel.com.br\/portal\/index.php\/wp-json\/wp\/v2\/tags?post=16430"}],"curies":[{"name":"wp","href":"https:\/\/api.w.org\/{rel}","templated":true}]}}