{"id":16433,"date":"2023-07-13T10:58:02","date_gmt":"2023-07-13T13:58:02","guid":{"rendered":"http:\/\/dgospel.com.br\/portal\/?p=16433"},"modified":"2023-07-13T10:58:04","modified_gmt":"2023-07-13T13:58:04","slug":"barroso-durante-evento-da-une-nos-derrotamos-o-bolsonarismo","status":"publish","type":"post","link":"https:\/\/dgospel.com.br\/portal\/index.php\/2023\/07\/13\/barroso-durante-evento-da-une-nos-derrotamos-o-bolsonarismo\/","title":{"rendered":"Barroso durante evento da UNE: \u2018N\u00f3s derrotamos o bolsonarismo\u2019"},"content":{"rendered":"\n<p>Ap\u00f3s receber vaias de um grupo ligado a profissionais da \u00e1rea de enfermagem, nesta quarta-feira (12), enquanto discursava no Congresso da Uni\u00e3o Nacional dos Estudantes (<a href=\"http:\/\/pleno.news\/tag\/une\" target=\"_blank\" rel=\"noreferrer noopener\">UNE<\/a>), o ministro&nbsp;<a href=\"http:\/\/pleno.news\/tag\/luis-roberto-barroso\" target=\"_blank\" rel=\"noreferrer noopener\">Lu\u00eds Roberto Barroso<\/a>, do Supremo Tribunal Federal (STF), usou a frase \u201cn\u00f3s derrotamos o bolsonarismo\u201d e disse que tal fato permitiu \u201ca democracia e a manifesta\u00e7\u00e3o livre de todas as pessoas\u201d.<\/p>\n\n\n\n<p>\u2013 N\u00f3s derrotamos a censura, n\u00f3s derrotamos a tortura, n\u00f3s derrotamos o bolsonarismo para permitir a democracia e a manifesta\u00e7\u00e3o livre de todas as pessoas \u2013 declarou.<\/p>\n\n\n\n<p>A declara\u00e7\u00e3o foi feita enquanto Barroso reagia ao protesto de um grupo de manifestantes que, al\u00e9m das vaias, carregava uma faixa com a frase \u201cBarroso: inimigo da enfermagem e articulador do golpe de 2016\u201d. No ano passado, o magistrado suspendeu o pagamento do piso salarial da enfermagem por falta de detalhamento de como ocorreria o custeio.<\/p>\n\n\n\n<p>\u2013 Fui eu que consegui o dinheiro da enfermagem porque n\u00e3o tinha dinheiro. N\u00e3o tenho medo de vaia, porque temos um pa\u00eds para construir \u2013 disse o ministro em resposta ao protesto.<\/p>\n\n\n\n<p>O 59\u00b0 Congresso da UNE, que acontece em Bras\u00edlia, vai at\u00e9 o pr\u00f3ximo dia 16 de julho. Esse n\u00e3o \u00e9 o primeiro epis\u00f3dio pol\u00eamico envolvendo o ministro e manifesta\u00e7\u00f5es direcionadas ao movimento de apoio ao ex-presidente Jair Bolsonaro (PL). Em novembro do ano passado, ao ser alvo de protesto em Nova Iorque, Barroso respondeu com um:&nbsp;<a href=\"https:\/\/pleno.news\/brasil\/politica-nacional\/barroso-perde-a-paciencia-com-protesto-perdeu-mane.html\" target=\"_blank\" rel=\"noreferrer noopener\">\u201cPerdeu, man\u00e9, n\u00e3o amola\u201d<\/a>.<\/p>\n\n\n\n<p>De acordo com a CNN Brasil, pessoas pr\u00f3ximas ao ex-presidente teriam declarado que, ao dizer: \u201cN\u00f3s derrotamos o bolsonarismo\u201d, Barroso estaria confessando que o TSE agiu contra Bolsonaro na elei\u00e7\u00e3o de 2022. Procurada pela emissora, a assessoria do ex-chefe do Executivo n\u00e3o se pronunciou.<\/p>\n\n\n\n<p><blockquote class=\"twitter-tweet\" data-width=\"550\" data-dnt=\"true\"><p lang=\"pt\" dir=\"ltr\">Do ministro Barroso, em evento da UNE: \u201cn\u00f3s derrotamos o bolsonarismo\u201d. Grave afirma\u00e7\u00e3o. \u201cN\u00f3s\u201d quem?<a href=\"https:\/\/t.co\/9qNyVKl26f\">https:\/\/t.co\/9qNyVKl26f<\/a> <a href=\"https:\/\/t.co\/t2CcmhEkLz\">pic.twitter.com\/t2CcmhEkLz<\/a><\/p>&mdash; RevistaBzzz (@RevistaBzzz) <a href=\"https:\/\/twitter.com\/RevistaBzzz\/status\/1679320240864260096?ref_src=twsrc%5Etfw\">July 13, 2023<\/a><\/blockquote><script async src=\"https:\/\/platform.twitter.com\/widgets.js\" charset=\"utf-8\"><\/script><\/p>\n","protected":false},"excerpt":{"rendered":"<p>Ap\u00f3s receber vaias de um grupo ligado a profissionais da \u00e1rea de enfermagem, nesta quarta-feira (12), enquanto discursava no Congresso da Uni\u00e3o Nacional dos Estudantes (UNE), o ministro&nbsp;Lu\u00eds Roberto Barroso, do Supremo Tribunal Federal (STF), usou a frase \u201cn\u00f3s derrotamos o bolsonarismo\u201d e disse que tal fato permitiu \u201ca democracia e a manifesta\u00e7\u00e3o livre de [&hellip;]<\/p>\n","protected":false},"author":2,"featured_media":16434,"comment_status":"open","ping_status":"open","sticky":false,"template":"","format":"standard","meta":[],"categories":[4],"tags":[],"_links":{"self":[{"href":"https:\/\/dgospel.com.br\/portal\/index.php\/wp-json\/wp\/v2\/posts\/16433"}],"collection":[{"href":"https:\/\/dgospel.com.br\/portal\/index.php\/wp-json\/wp\/v2\/posts"}],"about":[{"href":"https:\/\/dgospel.com.br\/portal\/index.php\/wp-json\/wp\/v2\/types\/post"}],"author":[{"embeddable":true,"href":"https:\/\/dgospel.com.br\/portal\/index.php\/wp-json\/wp\/v2\/users\/2"}],"replies":[{"embeddable":true,"href":"https:\/\/dgospel.com.br\/portal\/index.php\/wp-json\/wp\/v2\/comments?post=16433"}],"version-history":[{"count":1,"href":"https:\/\/dgospel.com.br\/portal\/index.php\/wp-json\/wp\/v2\/posts\/16433\/revisions"}],"predecessor-version":[{"id":16435,"href":"https:\/\/dgospel.com.br\/portal\/index.php\/wp-json\/wp\/v2\/posts\/16433\/revisions\/16435"}],"wp:featuredmedia":[{"embeddable":true,"href":"https:\/\/dgospel.com.br\/portal\/index.php\/wp-json\/wp\/v2\/media\/16434"}],"wp:attachment":[{"href":"https:\/\/dgospel.com.br\/portal\/index.php\/wp-json\/wp\/v2\/media?parent=16433"}],"wp:term":[{"taxonomy":"category","embeddable":true,"href":"https:\/\/dgospel.com.br\/portal\/index.php\/wp-json\/wp\/v2\/categories?post=16433"},{"taxonomy":"post_tag","embeddable":true,"href":"https:\/\/dgospel.com.br\/portal\/index.php\/wp-json\/wp\/v2\/tags?post=16433"}],"curies":[{"name":"wp","href":"https:\/\/api.w.org\/{rel}","templated":true}]}}