{"id":16436,"date":"2023-07-13T11:00:57","date_gmt":"2023-07-13T14:00:57","guid":{"rendered":"http:\/\/dgospel.com.br\/portal\/?p=16436"},"modified":"2023-07-13T11:00:59","modified_gmt":"2023-07-13T14:00:59","slug":"sp-tarcisio-anuncia-aumento-da-rede-de-escolas-civico-militares","status":"publish","type":"post","link":"https:\/\/dgospel.com.br\/portal\/index.php\/2023\/07\/13\/sp-tarcisio-anuncia-aumento-da-rede-de-escolas-civico-militares\/","title":{"rendered":"SP: Tarc\u00edsio anuncia aumento da rede de escolas c\u00edvico-militares"},"content":{"rendered":"\n<p>O governador de S\u00e3o Paulo, Tarc\u00edsio de Freitas (Republicanos), usou suas redes sociais, nesta quarta-feira (12), para se posicionar favor\u00e1vel \u00e0 continuidade do projeto realizado pelo ex-presidente Jair Bolsonaro (PL) acerca das escolas c\u00edvico-militares, j\u00e1 que o governo Lula (PT) anunciou nesta quarta que colocar\u00e1 fim \u00e0 iniciativa, gradualmente, at\u00e9 o fim deste ano.<\/p>\n\n\n\n<p>Assim como anunciou o governador do Paran\u00e1, Ratinho J\u00fanior (PSD), Tarc\u00edsio comunicou que no \u00e2mbito de sua al\u00e7ada, o estado de S\u00e3o Paulo, as escolas c\u00edvico-militares continuar\u00e3o e a rede ser\u00e1 ampliada. O chefe do Executivo paulista tamb\u00e9m salientou a import\u00e2ncia dessa iniciativa do governo Bolsonaro, do qual fez parte como ministro da Infraestrutura.<\/p>\n\n\n\n<p>\u2013 Fui aluno de Col\u00e9gio Militar e sei da import\u00e2ncia de um ensino de qualidade e como \u00e9 preciso que a escola transmita valores corretos para os nossos jovens. O governo de S\u00e3o Paulo vai editar um decreto para regular o seu pr\u00f3prio programa de escolas c\u00edvico-militares e ampliar unidades de ensino com este formato em todo o estado \u2013 garantiu.<\/p>\n\n\n\n<figure class=\"wp-block-image\"><img src=\"https:\/\/static.cdn.pleno.news\/2023\/07\/Twitter-Tarc%C3%ADsio.png\" alt=\"\" class=\"wp-image-1168910\"\/><\/figure>\n\n\n\n<p>A decis\u00e3o de p\u00f4r fim \u00e0s escolas c\u00edvico-militares j\u00e1 causou enorme preju\u00edzo pol\u00edtico ao presidente Lula. A repercuss\u00e3o sobre tal decis\u00e3o ganhou o notici\u00e1rio e as redes sociais, onde o petista e sua gest\u00e3o est\u00e3o sendo objetos de duras cr\u00edticas. Acredita-se no vi\u00e9s \u201crevanchista\u201d da medida, termo utilizado nesta quarta pelo senador Hamilton Mour\u00e3o (Republicanos-RS).<\/p>\n","protected":false},"excerpt":{"rendered":"<p>O governador de S\u00e3o Paulo, Tarc\u00edsio de Freitas (Republicanos), usou suas redes sociais, nesta quarta-feira (12), para se posicionar favor\u00e1vel \u00e0 continuidade do projeto realizado pelo ex-presidente Jair Bolsonaro (PL) acerca das escolas c\u00edvico-militares, j\u00e1 que o governo Lula (PT) anunciou nesta quarta que colocar\u00e1 fim \u00e0 iniciativa, gradualmente, at\u00e9 o fim deste ano. Assim [&hellip;]<\/p>\n","protected":false},"author":2,"featured_media":16437,"comment_status":"open","ping_status":"open","sticky":false,"template":"","format":"standard","meta":[],"categories":[10],"tags":[],"_links":{"self":[{"href":"https:\/\/dgospel.com.br\/portal\/index.php\/wp-json\/wp\/v2\/posts\/16436"}],"collection":[{"href":"https:\/\/dgospel.com.br\/portal\/index.php\/wp-json\/wp\/v2\/posts"}],"about":[{"href":"https:\/\/dgospel.com.br\/portal\/index.php\/wp-json\/wp\/v2\/types\/post"}],"author":[{"embeddable":true,"href":"https:\/\/dgospel.com.br\/portal\/index.php\/wp-json\/wp\/v2\/users\/2"}],"replies":[{"embeddable":true,"href":"https:\/\/dgospel.com.br\/portal\/index.php\/wp-json\/wp\/v2\/comments?post=16436"}],"version-history":[{"count":1,"href":"https:\/\/dgospel.com.br\/portal\/index.php\/wp-json\/wp\/v2\/posts\/16436\/revisions"}],"predecessor-version":[{"id":16438,"href":"https:\/\/dgospel.com.br\/portal\/index.php\/wp-json\/wp\/v2\/posts\/16436\/revisions\/16438"}],"wp:featuredmedia":[{"embeddable":true,"href":"https:\/\/dgospel.com.br\/portal\/index.php\/wp-json\/wp\/v2\/media\/16437"}],"wp:attachment":[{"href":"https:\/\/dgospel.com.br\/portal\/index.php\/wp-json\/wp\/v2\/media?parent=16436"}],"wp:term":[{"taxonomy":"category","embeddable":true,"href":"https:\/\/dgospel.com.br\/portal\/index.php\/wp-json\/wp\/v2\/categories?post=16436"},{"taxonomy":"post_tag","embeddable":true,"href":"https:\/\/dgospel.com.br\/portal\/index.php\/wp-json\/wp\/v2\/tags?post=16436"}],"curies":[{"name":"wp","href":"https:\/\/api.w.org\/{rel}","templated":true}]}}