{"id":16439,"date":"2023-07-13T11:17:12","date_gmt":"2023-07-13T14:17:12","guid":{"rendered":"http:\/\/dgospel.com.br\/portal\/?p=16439"},"modified":"2023-07-13T11:17:13","modified_gmt":"2023-07-13T14:17:13","slug":"governo-do-tocantins-gera-desenvolvimento-economico-e-fortalece-o-turismo-no-jalapao-com-a-pavimentacao-da-to-247","status":"publish","type":"post","link":"https:\/\/dgospel.com.br\/portal\/index.php\/2023\/07\/13\/governo-do-tocantins-gera-desenvolvimento-economico-e-fortalece-o-turismo-no-jalapao-com-a-pavimentacao-da-to-247\/","title":{"rendered":"Governo do Tocantins gera desenvolvimento econ\u00f4mico e fortalece o turismo no Jalap\u00e3o com a pavimenta\u00e7\u00e3o da TO-247"},"content":{"rendered":"\n<p>O Governo do Tocantins, por meio da Ag\u00eancia de Transportes, Obras e Infraestrutura (Ageto), segue com a obra de pavimenta\u00e7\u00e3o asf\u00e1ltica de 50 km da rodovia TO-247, no trecho entre Lagoa do Tocantins e S\u00e3o F\u00e9lix do Tocantins. Ao todo, o Estado investe R$ 59,7 milh\u00f5es na obra, com prazo vigente at\u00e9 26 de junho 2024, mas a construtora Domus Engenharia e Participa\u00e7\u00e3o Eireli, respons\u00e1vel pela pavimenta\u00e7\u00e3o, est\u00e1 trabalhando com a previs\u00e3o de entrega da obra para dezembro deste ano.<\/p>\n\n\n\n<p>O asfalto \u00e9 muito aguardado pela popula\u00e7\u00e3o, porque esta \u00e9 uma das rodovias que ligam Palmas ao Jalap\u00e3o, principal destino tur\u00edstico do Tocantins. O Parque Estadual do Jalap\u00e3o \u00e9 famoso por fervedouros, cachoeiras de \u00e1guas cristalinas e o c\u00e2nion encantado, assim como as dunas e a pedra furada.<\/p>\n\n\n\n<p>Homens e m\u00e1quinas seguem executando as obras de pavimenta\u00e7\u00e3o, que j\u00e1 \u00e9 realidade na TO-247. O sonho do asfalto est\u00e1 virando realidade para os moradores do Jalap\u00e3o. A obra faz com que o sofrimento de milhares de fam\u00edlias chegue ao fim, al\u00e9m de facilitar o escoamento da produ\u00e7\u00e3o e incentivar a chegada de turistas para conhecer as belezas naturais da regi\u00e3o.<\/p>\n\n\n\n<p>Do total de 50 km, o trecho j\u00e1 tem 66,18% da obra executada, o que corresponde a 32,1 km de asfalto pronto, o empreendimento promete levar desenvolvimento para toda a regi\u00e3o. Nesta semana, mais 700 metros est\u00e3o recebendo o lan\u00e7amento da capa asf\u00e1ltica e, dos 17,9 km restantes, a construtora vai iniciar na pr\u00f3xima semana a terraplanagem dos \u00faltimos 8 km. Os servi\u00e7os de terraplanagem (fase de constru\u00e7\u00e3o da sub base da rodovia) j\u00e1 est\u00e3o prontos at\u00e9 o km 42 do trecho.<\/p>\n\n\n\n<p>\u201cO asfalto \u00e9 uma das infraestruturas que promove desenvolvimento. E essa \u00e9 mais uma obra de integra\u00e7\u00e3o que estamos fazendo. Vai beneficiar a regi\u00e3o, que \u00e9 produtora de gr\u00e3os, atender as comunidades municipais, atrair investimentos e gerar oportunidades. Estamos atentos \u00e0s demandas dos munic\u00edpios com o objetivo de melhorar a vida da nossa popula\u00e7\u00e3o\u201d, destacou o presidente M\u00e1rcio Pinheiro Rodrigues.<\/p>\n\n\n\n<p>Segundo a engenheira da Ageto, Tatiana Coelho Costa, que acompanha o empreendimento, os servi\u00e7os est\u00e3o concentrados na aplica\u00e7\u00e3o das camadas de pavimenta\u00e7\u00e3o, como terraplanagem, sub-base, base e imprima\u00e7\u00e3o da base.<\/p>\n\n\n\n<p>Para o comerciante de Lagoa do Tocantins, Fl\u00e1vio Tavares Pereira, da Agropecu\u00e1ria Casa do Campo, o movimento de seu com\u00e9rcio cresceu bastante ap\u00f3s o in\u00edcio da obra de pavimenta\u00e7\u00e3o da rodovia. \u201cN\u00e3o s\u00f3 o meu com\u00e9rcio, mas dos meus colegas tamb\u00e9m, a cidade fornece mercadorias para a firma que est\u00e1 fazendo o asfalto. Al\u00e9m disso, cresceu o movimento de turistas indo para o Jalap\u00e3o. Nossa cidade era parada. O turismo ficou bastante forte\u201d, destacou.<\/p>\n\n\n\n<p>Segundo o empres\u00e1rio Wilson Francisco, a obra fez com que aumentassem as vendas em sua loja Baygon Borrachas. \u201cAs vendas da loja melhoraram muito, principalmente com o tr\u00e2nsito dos turistas que tamb\u00e9m aumentou. Quando cheguei aqui, h\u00e1 14 anos, era s\u00f3 estrada de ch\u00e3o\u201d, afirmou.<\/p>\n\n\n\n<p>Para a jovem Edilene Alves da Rocha, moradora da cidade, o asfalto est\u00e1 trazendo o desenvolvimento socioecon\u00f4mico para a cidade. \u201cE todo ano, os jovens da nossa cidade fazem excurs\u00e3o para o Jalap\u00e3o nas f\u00e9rias e, com o asfalto, melhorou muito\u201d, afirmou.<\/p>\n\n\n\n<p><strong>S\u00edtios Arqueol\u00f3gicos<\/strong><\/p>\n\n\n\n<p>Durante as obras, foram descobertos dois s\u00edtios arqueol\u00f3gicos com v\u00e1rios artefatos, o que demandou um aditivo de prazo na execu\u00e7\u00e3o da obra, visando \u00e0 coleta dos artefatos e ao encaminhamento dos mesmos ao Instituto de Patrim\u00f4nio Hist\u00f3rico e Art\u00edstico Nacional (Iphan). A descoberta fez com que a constru\u00e7\u00e3o da ponte sobre o Rio Vermelho ficasse para ser constru\u00edda mais para o final da obra, devido \u00e0 aproxima\u00e7\u00e3o dos s\u00edtios arqueol\u00f3gicos. A constru\u00e7\u00e3o da ponte s\u00f3 ser\u00e1 iniciada ap\u00f3s a portaria do Iphan liberando a constru\u00e7\u00e3o.<\/p>\n\n\n\n<p><strong>Projetos<\/strong><\/p>\n\n\n\n<p>A Ageto tamb\u00e9m j\u00e1 realizou a licita\u00e7\u00e3o de dois outros trechos ap\u00f3s os 50 km da atual pavimenta\u00e7\u00e3o: o primeiro de 25 km, compreendido do final da pavimenta\u00e7\u00e3o do atual trecho at\u00e9 a ponte do Rio Sono; o segundo trecho com projeto j\u00e1 licitado vai da ponte sobre Rio Sono at\u00e9 S\u00e3o F\u00e9lix, que est\u00e3o em an\u00e1lise para poder iniciar o processo de licita\u00e7\u00e3o da obra desses dois novos trechos da rodovia TO-247, de Lagoa do Tocantins at\u00e9 S\u00e3o F\u00e9lix.<\/p>\n\n\n\n<p><img src=\"https:\/\/central.to.gov.br\/image\/338349?w=670&amp;h=383\"><\/p>\n\n\n\n<p>Ao mesmo tempo, outra frente de trabalho executa a sub-base para, posteriormente, ser feita a base e o lan\u00e7amento do asfalto &#8211; Ageto\/Governo do Tocantins\u00a0<\/p>\n\n\n\n<p><img src=\"https:\/\/central.to.gov.br\/image\/338350?w=670&amp;h=383\"><\/p>\n\n\n\n<p>A engenheira fiscal da obra, Tatiana Coelho Costa; e o t\u00e9cnico fiscal, Israel Pereira da Silva &#8211; Ageto\/Governo do Tocantins\u00a0<\/p>\n\n\n\n<p><img src=\"https:\/\/central.to.gov.br\/image\/338351?w=670&amp;h=383\"><\/p>\n\n\n\n<p>Para o comerciante de Lagoa do Tocantins, Fl\u00e1vio Tavares Pereira, o movimento de seu com\u00e9rcio cresceu bastante ap\u00f3s o in\u00edcio da obra de pavimenta\u00e7\u00e3o da rodovia &#8211; Ageto\/Governo do Tocantins\u00a0<\/p>\n\n\n\n<p><img src=\"https:\/\/central.to.gov.br\/image\/338352?w=670&amp;h=383\"><\/p>\n\n\n\n<p>Segundo o comerciante Wilson Francisco, a obra fez com que as vendas em sua loja aumentassem bastante &#8211; Ageto\/Governo do Tocantins\u00a0<\/p>\n\n\n\n<p><img src=\"https:\/\/central.to.gov.br\/image\/338353?w=670&amp;h=383\"><\/p>\n\n\n\n<p>Para a jovem Edilene Alves da Rocha, moradora da cidade, o asfalto est\u00e1 trazendo desenvolvimento socioecon\u00f4mico para a cidade &#8211; Ageto\/Governo do Tocantins\u00a0<\/p>\n","protected":false},"excerpt":{"rendered":"<p>O Governo do Tocantins, por meio da Ag\u00eancia de Transportes, Obras e Infraestrutura (Ageto), segue com a obra de pavimenta\u00e7\u00e3o asf\u00e1ltica de 50 km da rodovia TO-247, no trecho entre Lagoa do Tocantins e S\u00e3o F\u00e9lix do Tocantins. Ao todo, o Estado investe R$ 59,7 milh\u00f5es na obra, com prazo vigente at\u00e9 26 de junho [&hellip;]<\/p>\n","protected":false},"author":2,"featured_media":16440,"comment_status":"open","ping_status":"open","sticky":false,"template":"","format":"standard","meta":[],"categories":[3],"tags":[13],"_links":{"self":[{"href":"https:\/\/dgospel.com.br\/portal\/index.php\/wp-json\/wp\/v2\/posts\/16439"}],"collection":[{"href":"https:\/\/dgospel.com.br\/portal\/index.php\/wp-json\/wp\/v2\/posts"}],"about":[{"href":"https:\/\/dgospel.com.br\/portal\/index.php\/wp-json\/wp\/v2\/types\/post"}],"author":[{"embeddable":true,"href":"https:\/\/dgospel.com.br\/portal\/index.php\/wp-json\/wp\/v2\/users\/2"}],"replies":[{"embeddable":true,"href":"https:\/\/dgospel.com.br\/portal\/index.php\/wp-json\/wp\/v2\/comments?post=16439"}],"version-history":[{"count":1,"href":"https:\/\/dgospel.com.br\/portal\/index.php\/wp-json\/wp\/v2\/posts\/16439\/revisions"}],"predecessor-version":[{"id":16441,"href":"https:\/\/dgospel.com.br\/portal\/index.php\/wp-json\/wp\/v2\/posts\/16439\/revisions\/16441"}],"wp:featuredmedia":[{"embeddable":true,"href":"https:\/\/dgospel.com.br\/portal\/index.php\/wp-json\/wp\/v2\/media\/16440"}],"wp:attachment":[{"href":"https:\/\/dgospel.com.br\/portal\/index.php\/wp-json\/wp\/v2\/media?parent=16439"}],"wp:term":[{"taxonomy":"category","embeddable":true,"href":"https:\/\/dgospel.com.br\/portal\/index.php\/wp-json\/wp\/v2\/categories?post=16439"},{"taxonomy":"post_tag","embeddable":true,"href":"https:\/\/dgospel.com.br\/portal\/index.php\/wp-json\/wp\/v2\/tags?post=16439"}],"curies":[{"name":"wp","href":"https:\/\/api.w.org\/{rel}","templated":true}]}}