{"id":16442,"date":"2023-07-13T11:21:46","date_gmt":"2023-07-13T14:21:46","guid":{"rendered":"http:\/\/dgospel.com.br\/portal\/?p=16442"},"modified":"2023-07-13T11:21:47","modified_gmt":"2023-07-13T14:21:47","slug":"policia-civil-do-tocantins-deflagra-operacao-gotham-city-e-prende-faccionado-suspeito-de-ser-um-dos-principais-articuladores-dos-crimes-de-homicidios-na-capital","status":"publish","type":"post","link":"https:\/\/dgospel.com.br\/portal\/index.php\/2023\/07\/13\/policia-civil-do-tocantins-deflagra-operacao-gotham-city-e-prende-faccionado-suspeito-de-ser-um-dos-principais-articuladores-dos-crimes-de-homicidios-na-capital\/","title":{"rendered":"Pol\u00edcia Civil do Tocantins deflagra Opera\u00e7\u00e3o Gotham City e prende faccionado suspeito de ser um dos principais articuladores dos crimes de homic\u00eddios na Capital"},"content":{"rendered":"\n<p>Um homem de 30 anos, apontado como um dos principais articuladores dos crimes de homic\u00eddios ocorridos este ano em Palmas, foi&nbsp;preso na \u00faltima quinta-feira, 6, na cidade ga\u00facha de Passo Fundo (RS), ap\u00f3s compartilhamento de informa\u00e7\u00f5es entre as pol\u00edcias Civis do Tocantins e do Rio Grande do Sul. Nessa ter\u00e7a-feira, 11,&nbsp;<em>Dad Charada<\/em>, como \u00e9 conhecido no mundo do crime, foi recambiado por policiais civis tocantinenses durante a opera\u00e7\u00e3o denominada&nbsp;<em>Gotham City<\/em>, em um pres\u00eddio da capital ga\u00facha, para onde foi levado ao ser preso.<\/p>\n\n\n\n<p>Os detalhes do trabalho investigativo realizado pela 1\u00aa DHPP, que identificaram&nbsp;<em>Dad Charada<\/em>&nbsp;como principal articulador dos crimes, foram revelados na manh\u00e3 desta quarta-feira, 12, durante coletiva \u00e0 imprensa, no Pal\u00e1cio Araguaia.<\/p>\n\n\n\n<p>\u201cAo refor\u00e7armos as equipes das delegacias especializadas, aliado aos servi\u00e7os de intelig\u00eancia da Secretaria e da Pol\u00edcia Civil, fechamos o cerco e realizamos pris\u00f5es importantes, desarticulando as organiza\u00e7\u00f5es criminosas, dando para a nossa sociedade a resposta que tanto aguardavam. J\u00e1 s\u00e3o 16 dias sem homic\u00eddios na Capital, isso mostra que estamos no caminho certo e que o crime organizado n\u00e3o ter\u00e1 vez aqui no nosso Estado\u201d, destacou o secret\u00e1rio da Seguran\u00e7a P\u00fablica do Tocantins, Wlademir Mota Oliveira.<\/p>\n\n\n\n<p>Contra o indiv\u00edduo havia dois mandados de pris\u00e3o em aberto representados pelas Divis\u00f5es Especializadas de Homic\u00eddios e Prote\u00e7\u00e3o \u00e0 Pessoa (1\u00aa DHPP &#8211; Palmas) e de Repress\u00e3o a Narc\u00f3ticos (1\u00aa Denarc- Palmas).<\/p>\n\n\n\n<p>No \u00e2mbito da Divis\u00e3o de Homic\u00eddios,&nbsp;<em>Dad Charada<\/em>&nbsp;\u00e9 investigado, entre outros crimes, pelo duplo homic\u00eddio que vitimou o casal Giovanna Alessandra Ribeiro da Silva, de 23 anos; e Wenesph Freitas da Silva, de 30 anos, ocorrido em 13 de janeiro de 2022, em Palmas. Mais informa\u00e7\u00f5es sobre esse crime podem ser conferidas nos links:&nbsp;<a href=\"https:\/\/bit.ly\/3O91qr8\">https:\/\/bit.ly\/3O91qr8<\/a>&nbsp;e&nbsp;<a href=\"https:\/\/bit.ly\/3D5PqAF.\">https:\/\/bit.ly\/3D5PqAF.<\/a><\/p>\n\n\n\n<p><strong>Investiga\u00e7\u00f5es<\/strong><\/p>\n\n\n\n<p>O delegado titular da 1\u00aa DHPP, Guilherme Torres, destacou que a pris\u00e3o de D<em>ad Charada&nbsp;<\/em>\u00e9 mais uma resposta ao crime organizado. \u201cDesde o final do ano passado, estamos enfrentando o aumento de efetivo de crimes de homic\u00eddios relacionados \u00e0 disputa de poder entre fac\u00e7\u00f5es. Quero deixar claro que quando dizemos que os crimes t\u00eam essa motiva\u00e7\u00e3o, n\u00e3o estamos dando menos import\u00e2ncia. N\u00e3o estamos desmerecendo esses crimes, pelo contr\u00e1rio, s\u00e3o crimes que estamos dando prioridade. Este ano, j\u00e1 foram mais de 45 pris\u00f5es\u201d, destacou.<\/p>\n\n\n\n<p>As investiga\u00e7\u00f5es apontaram que&nbsp;<em>Dad Charada<\/em>&nbsp;era membro de uma pequena fac\u00e7\u00e3o goiana, aliada a uma grande fac\u00e7\u00e3o paulista com atua\u00e7\u00e3o em todo o territ\u00f3rio nacional. Neste ano de 2023, ele resolveu deixar a fac\u00e7\u00e3o e se aliar a uma fac\u00e7\u00e3o carioca, tamb\u00e9m com atua\u00e7\u00e3o em todo o pa\u00eds. Todas as fac\u00e7\u00f5es atuam no contexto de tr\u00e1fico de drogas.<\/p>\n\n\n\n<p>\u201cAo se juntar a essa fac\u00e7\u00e3o carioca, a ascens\u00e3o de&nbsp;<em>Dad Charada<\/em>&nbsp;na estrutura hier\u00e1rquica da organiza\u00e7\u00e3o criminosa aconteceu de forma muito r\u00e1pida. De imediato, ele assume o protagonismo desse movimento de tomada de territ\u00f3rio e de aumento do efetivo de pessoas ligadas a sua nova fac\u00e7\u00e3o\u201d, destacou o delegado adjunto da 1\u00aa DHPP, Eduardo Menezes.<\/p>\n\n\n\n<p>O plano de tomada de territ\u00f3rio consistia em matar as lideran\u00e7as da fac\u00e7\u00e3o paulista que atuavam em Palmas, deixando os pequenos traficantes sem refer\u00eancia quanto \u00e0 venda de drogas e em rela\u00e7\u00e3o \u00e0s a\u00e7\u00f5es tomadas. \u201cEnt\u00e3o s\u00e3o dois expedientes utilizados para diminuir o efetivo da fac\u00e7\u00e3o rival: matar as lideran\u00e7as e recrutar os traficantes de menor envergadura, ocupando ainda, os setores da cidade que historicamente eram dominados pela fac\u00e7\u00e3o rival. Da\u00ed o lema&nbsp;<em>Ou fecha com n\u00f3s ou corre de n\u00f3s<\/em>\u201d,&nbsp;explicou o delegado.<\/p>\n\n\n\n<p><strong>Quantidade de Mortes<\/strong><\/p>\n\n\n\n<p>O n\u00famero elevado de mortes se deve ao fato de a organiza\u00e7\u00e3o carioca ser menor que a paulista, levando em conta a associa\u00e7\u00e3o com a fac\u00e7\u00e3o goiana. As mortes ent\u00e3o se davam no contexto de igualar numericamente o efetivo de faccionados. \u201cPraticamente todo dia tinha homic\u00eddio. Muitas vezes, chegou a ter cinco homic\u00eddios no mesmo dia, e o por qu\u00ea disso?&nbsp;<em>Dad Charada<\/em>&nbsp;j\u00e1 havia sido membro das outras duas fac\u00e7\u00f5es rivais, portanto, ele tinha informa\u00e7\u00f5es privilegiadas e conhecia muito bem seus antigos parceiros de crime. As a\u00e7\u00f5es eram certeiras, sem margem de erro\u201d, destacou o delegado Eduardo.<\/p>\n\n\n\n<p>As investiga\u00e7\u00f5es apontaram ainda que<em>&nbsp;Dad Charada<\/em>&nbsp;aproveitou essa disputa de poder para se vingar de alguns desafetos que fez enquanto fazia parte da fac\u00e7\u00e3o paulista. \u201cO objetivo era matar 100 rivais at\u00e9 o final do ano. \u00c9 um cara que queria causar toda essa perturba\u00e7\u00e3o, assustar a popula\u00e7\u00e3o e a fac\u00e7\u00e3o rival. Um dos planos dele era matar o traficante da fac\u00e7\u00e3o rival, colocando uma bomba no carro dele\u201d, informou o delegado.<\/p>\n\n\n\n<p>O poder financeiro da fac\u00e7\u00e3o comandada por&nbsp;<em>Dad Charada<\/em>&nbsp;foi outro ponto abordado na coletiva. \u201cTinha uma conta em uma rede social que figurava como loja virtual destinada \u00e0 venda de drogas. Deu uma vis\u00e3o empresarial \u00e0 fac\u00e7\u00e3o no Tocantins, com grande movimenta\u00e7\u00e3o financeira oriunda da venda de drogas\u201d, destacou o delegado Eduardo Menezes.<\/p>\n\n\n\n<p><strong>Pris\u00f5es importantes<\/strong><\/p>\n\n\n\n<p>Todo esse fen\u00f4meno foi compreendido a partir das pris\u00f5es que foram realizadas ao longo do ano. \u201cA cada homic\u00eddio que ocorria, os inqu\u00e9ritos eram instaurados e o trabalho investigativo come\u00e7ava de imediato. Os vest\u00edgios sempre apontavam para membros dessa fac\u00e7\u00e3o e, ao longo do ano, realizamos pris\u00f5es de soldados importantes dela. As lideran\u00e7as ficaram acuadas ao perceberem que as divis\u00f5es especializadas da Pol\u00edcia Civil chegariam neles a qualquer momento. Prova disso \u00e9 que o&nbsp;<em>Dad Charada&nbsp;<\/em>fugiu para o Rio Grande do Sul, com planos de, em breve, sair do pa\u00eds com destino a Portugal\u201d, destacou o delegado.<\/p>\n\n\n\n<p>O trabalho minucioso com o cruzamento de dados levou \u00e0 localiza\u00e7\u00e3o exata de&nbsp;<em>Dad Charada<\/em>, em um apartamento no centro de Passo Fundo. A informa\u00e7\u00e3o foi compartilhada com a Delegacia de Repress\u00e3o \u00e0s A\u00e7\u00f5es Criminosas Organizadas (Draco) de Passo Fundo, que realizou a captura. \u201cNo local, foram encontradas anota\u00e7\u00f5es de vendas de drogas, inclusive de entorpecentes vindos do Paraguai. Tamb\u00e9m foram apreendidas muni\u00e7\u00f5es e constatado que ele estava usando documento falso e viajaria para Portugal\u201d, informou ainda o delegado.<\/p>\n\n\n\n<p>Ao chegar em Palmas, o suspeito foi conduzido at\u00e9 a sede da 1\u00aa DHPP e, ap\u00f3s os procedimentos legais cab\u00edveis, encaminhado para a unidade prisional de Palmas.<\/p>\n\n\n\n<p><img src=\"https:\/\/central.to.gov.br\/image\/338335?w=670&amp;h=383\"><\/p>\n\n\n\n<p>Delegado Eduardo Menezes falou sobre as investiga\u00e7\u00f5es que revelaram os planos do faccionado preso &#8211; Loise Maria\/Governo do Tocantins\u00a0<\/p>\n\n\n\n<p><img src=\"https:\/\/central.to.gov.br\/image\/338339?w=670&amp;h=383\"><\/p>\n\n\n\n<p>Delegado Guilherme Torres destacou que a divis\u00e3o especializada tem dado devida import\u00e2ncia aos crimes de homic\u00eddios na Capital &#8211; Loise Maria\/Governo do Tocantins\u00a0<\/p>\n\n\n\n<p><img src=\"https:\/\/central.to.gov.br\/image\/338331?w=670&amp;h=383\"><\/p>\n\n\n\n<p>Ap\u00f3s compartilhamento de informa\u00e7\u00f5es, o suspeito foi preso no Rio Grande do Sul e recambiado para o Tocantins por policiais civis &#8211; Ana Luiza Dias\/Governo do Tocantins\u00a0<\/p>\n\n\n\n<p><img src=\"https:\/\/central.to.gov.br\/image\/338332?w=670&amp;h=383\"><\/p>\n\n\n\n<p>Preso foi conduzido at\u00e9 a sede da 1\u00aa DHPP e, ap\u00f3s os procedimentos legais cab\u00edveis, encaminhado para a unidade prisional local &#8211; Ana Luiza Dias\/Governo do Tocantins\u00a0<\/p>\n","protected":false},"excerpt":{"rendered":"<p>Um homem de 30 anos, apontado como um dos principais articuladores dos crimes de homic\u00eddios ocorridos este ano em Palmas, foi&nbsp;preso na \u00faltima quinta-feira, 6, na cidade ga\u00facha de Passo Fundo (RS), ap\u00f3s compartilhamento de informa\u00e7\u00f5es entre as pol\u00edcias Civis do Tocantins e do Rio Grande do Sul. Nessa ter\u00e7a-feira, 11,&nbsp;Dad Charada, como \u00e9 conhecido [&hellip;]<\/p>\n","protected":false},"author":2,"featured_media":16443,"comment_status":"open","ping_status":"open","sticky":false,"template":"","format":"standard","meta":[],"categories":[3],"tags":[13],"_links":{"self":[{"href":"https:\/\/dgospel.com.br\/portal\/index.php\/wp-json\/wp\/v2\/posts\/16442"}],"collection":[{"href":"https:\/\/dgospel.com.br\/portal\/index.php\/wp-json\/wp\/v2\/posts"}],"about":[{"href":"https:\/\/dgospel.com.br\/portal\/index.php\/wp-json\/wp\/v2\/types\/post"}],"author":[{"embeddable":true,"href":"https:\/\/dgospel.com.br\/portal\/index.php\/wp-json\/wp\/v2\/users\/2"}],"replies":[{"embeddable":true,"href":"https:\/\/dgospel.com.br\/portal\/index.php\/wp-json\/wp\/v2\/comments?post=16442"}],"version-history":[{"count":1,"href":"https:\/\/dgospel.com.br\/portal\/index.php\/wp-json\/wp\/v2\/posts\/16442\/revisions"}],"predecessor-version":[{"id":16444,"href":"https:\/\/dgospel.com.br\/portal\/index.php\/wp-json\/wp\/v2\/posts\/16442\/revisions\/16444"}],"wp:featuredmedia":[{"embeddable":true,"href":"https:\/\/dgospel.com.br\/portal\/index.php\/wp-json\/wp\/v2\/media\/16443"}],"wp:attachment":[{"href":"https:\/\/dgospel.com.br\/portal\/index.php\/wp-json\/wp\/v2\/media?parent=16442"}],"wp:term":[{"taxonomy":"category","embeddable":true,"href":"https:\/\/dgospel.com.br\/portal\/index.php\/wp-json\/wp\/v2\/categories?post=16442"},{"taxonomy":"post_tag","embeddable":true,"href":"https:\/\/dgospel.com.br\/portal\/index.php\/wp-json\/wp\/v2\/tags?post=16442"}],"curies":[{"name":"wp","href":"https:\/\/api.w.org\/{rel}","templated":true}]}}