{"id":16451,"date":"2023-07-13T12:27:53","date_gmt":"2023-07-13T15:27:53","guid":{"rendered":"http:\/\/dgospel.com.br\/portal\/?p=16451"},"modified":"2023-07-13T12:27:54","modified_gmt":"2023-07-13T15:27:54","slug":"em-palmas-ssp-to-empossa-diretoria-do-conselho-comunitario-de-seguranca-do-jardim-aureny-iv-e-fortalece-parceria-com-a-comunidade","status":"publish","type":"post","link":"https:\/\/dgospel.com.br\/portal\/index.php\/2023\/07\/13\/em-palmas-ssp-to-empossa-diretoria-do-conselho-comunitario-de-seguranca-do-jardim-aureny-iv-e-fortalece-parceria-com-a-comunidade\/","title":{"rendered":"Em Palmas, SSP-TO empossa diretoria do Conselho Comunit\u00e1rio de Seguran\u00e7a do Jardim Aureny IV e fortalece parceria com a comunidade"},"content":{"rendered":"\n<p>Com o objetivo de estreitar os la\u00e7os entre as for\u00e7as de seguran\u00e7a e a comunidade visando \u00e0 redu\u00e7\u00e3o dos \u00edndices de criminalidade, especialmente na regi\u00e3o sul da Capital, a Secretaria da Seguran\u00e7a P\u00fablica do Tocantins (SSP\/TO), por meio da Diretoria de Pol\u00edcia Comunit\u00e1ria, empossou a diretoria executiva do Conselho Comunit\u00e1rio de Seguran\u00e7a P\u00fablica e Defesa Social (Conseg) do Jardim Aureny IV na noite dessa quarta-feira, 12.&nbsp;<\/p>\n\n\n\n<p>A diretoria foi eleita por aclama\u00e7\u00e3o e \u00e9 composta pelo presidente Renato Souza Almeida Carvalho, pelo vice-presidente Erismar da Silva Santos Ara\u00fajo, pela secret\u00e1ria-geral Sandra Crystina Chagas Fonseca, pelo 1\u00ba secret\u00e1rio Mauro Alves de Melo, 1\u00ba tesoureiro Albertino Fernandes e pelo 2\u00ba tesoureiro F\u00e1bio Umann. Todos foram diplomados e prestaram juramento solene de trabalhar pela paz social e seguran\u00e7a da comunidade.<\/p>\n\n\n\n<p>Representando o secret\u00e1rio Wlademir Mota Oliveira, o secret\u00e1rio-executivo da SSP\/TO, Reginaldo de Menezes Brito, refor\u00e7ou a import\u00e2ncia da reestrutura\u00e7\u00e3o do Conseg. \u201cHoje \u00e9 um dia muito importante, pois estamos aqui para formalizar a posse dessa nova diretoria que vem fortalecer e contribuir para que as a\u00e7\u00f5es da Seguran\u00e7a possam alcan\u00e7ar ainda mais \u00eaxito visando \u00fanica e exclusivamente a prote\u00e7\u00e3o do cidad\u00e3o. Posso dizer com toda a certeza que essa integra\u00e7\u00e3o ir\u00e1 render bons frutos, pois onde h\u00e1 parceria entre pol\u00edcia e comunidade impera a paz social\u201d, destacou.<\/p>\n\n\n\n<p>Na ocasi\u00e3o, o diretor de Pol\u00edcia Comunit\u00e1ria tenente-coronel Carlos Magno Gomes da Costa destacou as atribui\u00e7\u00f5es do Conseg e sua import\u00e2ncia para a formata\u00e7\u00e3o de novas estrat\u00e9gias de combate a viol\u00eancia.\u201cEstamos bastante satisfeitos pois conseguimos dar posse a diretoria e agora vamos ter reuni\u00f5es entre a comunidade e as for\u00e7as policiais trabalhando projetos de forma integrada. Juntos conseguiremos mais alternativas para prevenir e combater a viol\u00eancia e a incid\u00eancia de crimes, principalmente no Jardim Aureny IV\u201d, afirmou o diretor.&nbsp;<\/p>\n\n\n\n<p>A superintendente de Seguran\u00e7a Integrada da SSP\/TO, Maria de F\u00e1tima Holanda, destacou a relev\u00e2ncia do evento. \u201cTrazer o Conselho para essa comunidade, que \u00e9 atuante, nos enche de orgulho. Com isso conseguimos maior integra\u00e7\u00e3o e&nbsp; participa\u00e7\u00e3o da popula\u00e7\u00e3o para que, juntos, possamos restabelecer a paz social, uma vez que isso \u00e9 de interesse de todos\u201d, frisou a superintendente.&nbsp;<\/p>\n\n\n\n<p>O presidente eleito Renato de Souza ratificou a import\u00e2ncia do evento e se comprometeu, juntamente com os demais membros, a agir com empenho e dedica\u00e7\u00e3o na proposi\u00e7\u00e3o de ideias que tenham por objetivo aumentar a seguran\u00e7a dos moradores do Jardim Aureny IV. \u201cAcredito firmemente que essa a\u00e7\u00e3o vai fazer com que nossa sociedade fique mais segura e possa confiar ainda mais nas a\u00e7\u00f5es que ser\u00e3o desenvolvidas\u201d, avaliou.&nbsp;<\/p>\n\n\n\n<p><strong>Parceria&nbsp;<\/strong><\/p>\n\n\n\n<p>Para o delegado Rodrigo Karlic, titular da 4\u00aa Delegacia de Pol\u00edcia Civil, que atende o Jardim Aureny IV, a reestrutura\u00e7\u00e3o do Conseg \u00e9 fundamental para otimizar o fluxo de informa\u00e7\u00f5es entre a comunidade e a pol\u00edcia. \u201cE isso possibilita que a tomada de decis\u00f5es seja mais assertiva e r\u00e1pida.&nbsp; Com a participa\u00e7\u00e3o da comunidade na proposi\u00e7\u00e3o de ideias, podemos, por exemplo, organizar de maneira ainda mais eficaz as a\u00e7\u00f5es a serem deflagradas\u201d, afirmou.&nbsp;<\/p>\n\n\n\n<p>Tamb\u00e9m presente ao evento, o comandante do 6\u00ba Batalh\u00e3o da Pol\u00edcia Militar, coronel Denis Dalla, refor\u00e7ou a necessidade da integra\u00e7\u00e3o das for\u00e7as de seguran\u00e7a com a comunidade.\u201cEssa reativa\u00e7\u00e3o do Conseg \u00e9 de muita relev\u00e2ncia, porque a comunidade mobilizada \u00e9 capaz de auxiliar as for\u00e7as de seguran\u00e7a com rela\u00e7\u00e3o aos problemas existentes. N\u00e3o existe sociedade sem pol\u00edcia e nem pol\u00edcia sem sociedade. Parabenizo a iniciativa e desejo boa sorte \u00e0 nova diretoria do Conseg\u201d, frisou.<\/p>\n\n\n\n<p><strong>Comunidade comemora&nbsp;<\/strong><\/p>\n\n\n\n<p>A presidente da Associa\u00e7\u00e3o dos Moradores do Jardim Aureny IV, Vania M\u00e1rita, se disse muito feliz com a reativa\u00e7\u00e3o do Conseg e reafirmou a import\u00e2ncia da iniciativa. \u201cPara n\u00f3s, a reativa\u00e7\u00e3o do conselho \u00e9 muito importante, pois essa aproxima\u00e7\u00e3o e integra\u00e7\u00e3o da comunidade com as for\u00e7as de seguran\u00e7a traz mais paz e possibilita que possamos, novamente, estar inseridos no processo de discuss\u00e3o sobre a seguran\u00e7a p\u00fablica e cuidar dos habitantes do nosso setor, propondo ideias e atuando de maneira firme para assegurar o bem-estar de todos\u201d, destacou.&nbsp;<\/p>\n\n\n\n<p>O presidente eleito&nbsp; Renato Souza ainda pontuou que o conselho ser\u00e1 mais uma ferramenta para a prote\u00e7\u00e3o da comunidade. \u201cQuero agradecer aos membros das For\u00e7as de Seguran\u00e7a P\u00fablica que nos receberam com muito carinho e est\u00e3o aqui atendendo a uma demanda antiga, que \u00e9 a reativa\u00e7\u00e3o do nosso Conseg\u201d, destacou.&nbsp;<\/p>\n\n\n\n<p><strong>Participa\u00e7\u00e3o&nbsp;<\/strong><\/p>\n\n\n\n<p>O evento ainda\u00a0 contou com a participa\u00e7\u00e3o de integrantes da Guarda Metropolitana, Corpo de Bombeiros, do subdiretor do Sistema Integrado de Opera\u00e7\u00f5es Policiais, delegado Anderson Cas\u00e9, outros integrantes da SSP\/TO e comunidade.\u00a0<\/p>\n\n\n\n<p><img src=\"https:\/\/central.to.gov.br\/image\/338625?w=670&amp;h=383\"><\/p>\n\n\n\n<p>Todos foram diplomados e prestaram juramento solene de trabalhar pela paz social &#8211; Vania Machado\/Governo do Tocantins\u00a0<\/p>\n\n\n\n<p><img src=\"https:\/\/central.to.gov.br\/image\/338623?w=670&amp;h=383\"><\/p>\n\n\n\n<p>Presidente Renato Souza pontuou que o conselho ser\u00e1 mais uma ferramenta para a prote\u00e7\u00e3o da comunidade &#8211; Vania Machado\/Governo do Tocantins&nbsp;<\/p>\n","protected":false},"excerpt":{"rendered":"<p>Com o objetivo de estreitar os la\u00e7os entre as for\u00e7as de seguran\u00e7a e a comunidade visando \u00e0 redu\u00e7\u00e3o dos \u00edndices de criminalidade, especialmente na regi\u00e3o sul da Capital, a Secretaria da Seguran\u00e7a P\u00fablica do Tocantins (SSP\/TO), por meio da Diretoria de Pol\u00edcia Comunit\u00e1ria, empossou a diretoria executiva do Conselho Comunit\u00e1rio de Seguran\u00e7a P\u00fablica e Defesa [&hellip;]<\/p>\n","protected":false},"author":2,"featured_media":16452,"comment_status":"open","ping_status":"open","sticky":false,"template":"","format":"standard","meta":[],"categories":[3],"tags":[13],"_links":{"self":[{"href":"https:\/\/dgospel.com.br\/portal\/index.php\/wp-json\/wp\/v2\/posts\/16451"}],"collection":[{"href":"https:\/\/dgospel.com.br\/portal\/index.php\/wp-json\/wp\/v2\/posts"}],"about":[{"href":"https:\/\/dgospel.com.br\/portal\/index.php\/wp-json\/wp\/v2\/types\/post"}],"author":[{"embeddable":true,"href":"https:\/\/dgospel.com.br\/portal\/index.php\/wp-json\/wp\/v2\/users\/2"}],"replies":[{"embeddable":true,"href":"https:\/\/dgospel.com.br\/portal\/index.php\/wp-json\/wp\/v2\/comments?post=16451"}],"version-history":[{"count":1,"href":"https:\/\/dgospel.com.br\/portal\/index.php\/wp-json\/wp\/v2\/posts\/16451\/revisions"}],"predecessor-version":[{"id":16453,"href":"https:\/\/dgospel.com.br\/portal\/index.php\/wp-json\/wp\/v2\/posts\/16451\/revisions\/16453"}],"wp:featuredmedia":[{"embeddable":true,"href":"https:\/\/dgospel.com.br\/portal\/index.php\/wp-json\/wp\/v2\/media\/16452"}],"wp:attachment":[{"href":"https:\/\/dgospel.com.br\/portal\/index.php\/wp-json\/wp\/v2\/media?parent=16451"}],"wp:term":[{"taxonomy":"category","embeddable":true,"href":"https:\/\/dgospel.com.br\/portal\/index.php\/wp-json\/wp\/v2\/categories?post=16451"},{"taxonomy":"post_tag","embeddable":true,"href":"https:\/\/dgospel.com.br\/portal\/index.php\/wp-json\/wp\/v2\/tags?post=16451"}],"curies":[{"name":"wp","href":"https:\/\/api.w.org\/{rel}","templated":true}]}}