{"id":16454,"date":"2023-07-14T09:46:45","date_gmt":"2023-07-14T12:46:45","guid":{"rendered":"http:\/\/dgospel.com.br\/portal\/?p=16454"},"modified":"2023-07-14T09:46:46","modified_gmt":"2023-07-14T12:46:46","slug":"direto-ao-ponto-janja-recusa-segurancas-do-gsi-foro-de-curitiba-publica-nota-de-repudio-a-fala-de-barroso-campanha-julho-amarelo-conscientiza-sobre-a-prevencao-das-hepatites-virai","status":"publish","type":"post","link":"https:\/\/dgospel.com.br\/portal\/index.php\/2023\/07\/14\/direto-ao-ponto-janja-recusa-segurancas-do-gsi-foro-de-curitiba-publica-nota-de-repudio-a-fala-de-barroso-campanha-julho-amarelo-conscientiza-sobre-a-prevencao-das-hepatites-virai\/","title":{"rendered":"Direto ao Ponto: Janja recusa seguran\u00e7as do GSI; Foro de Curitiba publica nota de rep\u00fadio \u00e0 fala de Barroso; Campanha \u201cJulho Amarelo\u201d conscientiza sobre a preven\u00e7\u00e3o das hepatites virais; Pioneiros de Palmas recebem T\u00edtulo Definitivo Rural em suas ch\u00e1caras"},"content":{"rendered":"\n<p><strong>Janja recusa seguran\u00e7as do GSI&nbsp;<\/strong><\/p>\n\n\n\n<p>Desde a posse do presidente Lula, a primeira-dama Ros\u00e2ngela Silva, tem chamado a aten\u00e7\u00e3o por seus h\u00e1bitos extravagantes e requisi\u00e7\u00f5es inesperadas. Ela tem se aventurado al\u00e9m das iniciativas sociais tipicamente ligadas \u00e0 fun\u00e7\u00e3o de primeira-dama. Fontes pr\u00f3ximas aos Pal\u00e1cios do Alvorada e do Planalto descrevem uma atmosfera tensa, com linhas para reuni\u00f5es com Janja e murmurinhos sobre seu papel em resolver v\u00e1rias quest\u00f5es. Em suas viagens com o presidente Lula, Janja tem sido vista frequentando somente lojas de alto padr\u00e3o. Al\u00e9m disso, ela \u00e9 protegida por uma equipe de seguran\u00e7a de 50 policiais federais, recusando a assist\u00eancia dos seguran\u00e7as do GSI.<\/p>\n\n\n\n<p><strong>Foro de Curitiba publica nota de rep\u00fadio \u00e0 fala de Barroso<\/strong><\/p>\n\n\n\n<p>No congresso da Uni\u00e3o Nacional dos Estudantes (UNE) em Bras\u00edlia, com v\u00e1rios grupos ligados aos profissionais de enfermagem, o Ministro do STF, Lu\u00eds Roberto Barroso, declarou que derrotou o bolsonarismo. Em resposta \u00e0s afirma\u00e7\u00f5es contundentes de Barroso, o Foro de Curitiba emitiu uma nota de rep\u00fadio, sublinhando que as palavras de um Ministro do STF t\u00eam impacto significativo na sociedade, pontuando que decis\u00f5es e posi\u00e7\u00f5es tomadas por membros da mais alta Corte do pa\u00eds devem ser norteadas pela \u00e9tica, justi\u00e7a e respeito \u00e0 Constitui\u00e7\u00e3o, independentemente de suas convic\u00e7\u00f5es pessoais.<\/p>\n\n\n\n<p><strong>Campanha \u201cJulho Amarelo\u201d conscientiza sobre a preven\u00e7\u00e3o das hepatites virais<\/strong><\/p>\n\n\n\n<p>Com o objetivo de evitar a dissemina\u00e7\u00e3o dos v\u00edrus das hepatites, a Secretaria de Estado da Sa\u00fade (SES-TO) todos os anos realiza a campanha&nbsp;Julho Amarelo&nbsp;com o foco em realizar atividades e mobiliza\u00e7\u00f5es direcionadas ao enfrentamento das hepatites virais, promovendo a preven\u00e7\u00e3o e o controle contra a doen\u00e7a, conforme a Lei n\u00ba 13.802\/2019. De acordo com o Sistema de Informa\u00e7\u00e3o de Agravos de Notifica\u00e7\u00e3o (Sinan), somente este ano, 60 pessoas foram acometidas pela doen\u00e7a no Estado do Tocantins, sendo quatro pessoas infectadas pela hepatite A; 32, pela hepatite B; e 24, pela hepatite C.<\/p>\n\n\n\n<p><strong>Pioneiros de Palmas recebem T\u00edtulo Definitivo Rural em suas ch\u00e1caras<\/strong><\/p>\n\n\n\n<p>Pioneiros de Palmas, os agricultores Muniz de Sousa e Maria Leide de Sousa finalmente se tranquilizar\u00e3o com o registro da sua propriedade, localizada no Loteamento Santa F\u00e9. A entrega do documento foi realizada nesta quarta-feira, 12, pela primeira vez&nbsp;in loco, pelo presidente do Instituto de Terras do Tocantins (Itertins), Robson Figueiredo, acompanhado da secret\u00e1ria de Estado da Mulher, Berenice Barbosa. Devido \u00e0 dificuldade de mobilidade dos beneficiados, o presidente do Itertins, Robson Figueiredo, se disponibilizou para entregar o T\u00edtulo Definitivo na localidade. \u201cUma grande satisfa\u00e7\u00e3o ver a alegria dos beneficiados com essa pol\u00edtica p\u00fablica do governador Wanderlei Barbosa, que atende o pequeno, m\u00e9dio e grande agricultor no Estado\u201d, destacou Robson Figueiredo.<\/p>\n","protected":false},"excerpt":{"rendered":"<p>Janja recusa seguran\u00e7as do GSI&nbsp; Desde a posse do presidente Lula, a primeira-dama Ros\u00e2ngela Silva, tem chamado a aten\u00e7\u00e3o por seus h\u00e1bitos extravagantes e requisi\u00e7\u00f5es inesperadas. Ela tem se aventurado al\u00e9m das iniciativas sociais tipicamente ligadas \u00e0 fun\u00e7\u00e3o de primeira-dama. Fontes pr\u00f3ximas aos Pal\u00e1cios do Alvorada e do Planalto descrevem uma atmosfera tensa, com linhas [&hellip;]<\/p>\n","protected":false},"author":2,"featured_media":16260,"comment_status":"open","ping_status":"open","sticky":false,"template":"","format":"standard","meta":[],"categories":[11,12],"tags":[],"_links":{"self":[{"href":"https:\/\/dgospel.com.br\/portal\/index.php\/wp-json\/wp\/v2\/posts\/16454"}],"collection":[{"href":"https:\/\/dgospel.com.br\/portal\/index.php\/wp-json\/wp\/v2\/posts"}],"about":[{"href":"https:\/\/dgospel.com.br\/portal\/index.php\/wp-json\/wp\/v2\/types\/post"}],"author":[{"embeddable":true,"href":"https:\/\/dgospel.com.br\/portal\/index.php\/wp-json\/wp\/v2\/users\/2"}],"replies":[{"embeddable":true,"href":"https:\/\/dgospel.com.br\/portal\/index.php\/wp-json\/wp\/v2\/comments?post=16454"}],"version-history":[{"count":1,"href":"https:\/\/dgospel.com.br\/portal\/index.php\/wp-json\/wp\/v2\/posts\/16454\/revisions"}],"predecessor-version":[{"id":16455,"href":"https:\/\/dgospel.com.br\/portal\/index.php\/wp-json\/wp\/v2\/posts\/16454\/revisions\/16455"}],"wp:featuredmedia":[{"embeddable":true,"href":"https:\/\/dgospel.com.br\/portal\/index.php\/wp-json\/wp\/v2\/media\/16260"}],"wp:attachment":[{"href":"https:\/\/dgospel.com.br\/portal\/index.php\/wp-json\/wp\/v2\/media?parent=16454"}],"wp:term":[{"taxonomy":"category","embeddable":true,"href":"https:\/\/dgospel.com.br\/portal\/index.php\/wp-json\/wp\/v2\/categories?post=16454"},{"taxonomy":"post_tag","embeddable":true,"href":"https:\/\/dgospel.com.br\/portal\/index.php\/wp-json\/wp\/v2\/tags?post=16454"}],"curies":[{"name":"wp","href":"https:\/\/api.w.org\/{rel}","templated":true}]}}