{"id":16456,"date":"2023-07-14T15:23:50","date_gmt":"2023-07-14T18:23:50","guid":{"rendered":"http:\/\/dgospel.com.br\/portal\/?p=16456"},"modified":"2023-07-14T15:23:52","modified_gmt":"2023-07-14T18:23:52","slug":"dia-municipal-do-evangelico-e-celebrado-com-culto-e-shows-gospel-em-porto-nacional","status":"publish","type":"post","link":"https:\/\/dgospel.com.br\/portal\/index.php\/2023\/07\/14\/dia-municipal-do-evangelico-e-celebrado-com-culto-e-shows-gospel-em-porto-nacional\/","title":{"rendered":"Dia Municipal do Evang\u00e9lico \u00e9 celebrado com culto e shows gospel em Porto Nacional"},"content":{"rendered":"\n<p>A prefeitura de Porto Nacional, por meio da Secretaria Municipal da Cultura e do Turismo, em parceria com o Conselho de Ministros e Pastores de Porto Nacional &#8211; COMPAS, realizou nesta quarta-feira, 12, uma s\u00e9rie de atividades em homenagem ao Dia do Evang\u00e9lico. A data faz parte do calend\u00e1rio oficial do munic\u00edpio, e \u00e9 celebrada todos os anos no dia 12 de julho, de acordo com a Lei Municipal.<\/p>\n\n\n\n<p>A programa\u00e7\u00e3o foi organizada pela Prefeitura Municipal, por meio da Secretaria da Cultura e do Turismo, e o Conselho de Ministros e Pastores de Porto Nacional (COMPAS), e reuniu variadas denomina\u00e7\u00f5es do munic\u00edpio. Uma multid\u00e3o assistiu ao culto e \u00e0s apresenta\u00e7\u00f5es da Banda Deus \u00e9 Mais, Marcelo e Banda, Jefferson e Suellen e para fechar com chave de ouro, Israel Salazar.<\/p>\n\n\n\n<figure class=\"wp-block-image\"><img src=\"https:\/\/ecp.yusercontent.com\/mail?url=https%3A%2F%2Fwww.portonacional.to.gov.br%2Fimages%2Fappsaude%2Fsujefson.jpg&amp;t=1689358652&amp;ymreqid=1404ead6-94aa-4e25-1cd7-33000101d200&amp;sig=kBrd_ApYsB92cjQqBgDMzA--~D\" alt=\"sujefson\"\/><\/figure>\n\n\n\n<p><strong><em>&nbsp;&nbsp;&nbsp;&nbsp;Foto:&nbsp;<strong>&nbsp;&nbsp;Foto: Kauan Mad<\/strong>\/Secom Porto Nacional\/&nbsp;Dupla cantores gospel Jefferson e Suellen<\/em><\/strong><\/p>\n\n\n\n<p>O prefeito Ronivon Maciel se emocionou ao receber a chave simb\u00f3lica que tem muito poder no mundo espiritual, e destacou em seu discurso. \u201cMomentos como esse s\u00e3o necess\u00e1rios, uma grande confraterniza\u00e7\u00e3o e ato de f\u00e9. Nosso compromisso \u00e9 levar benef\u00edcios do poder p\u00fablico a todos os mun\u00edcipes, e hoje, gra\u00e7as a Deus estamos promovendo o fortalecimento da comunidade evang\u00e9lica, que se fez presente em todas as atividades desenvolvidas. \u00c9 uma alegria muito grande atuar em prol desse segmento. Agrade\u00e7o ao COMPAS pela parceria que deu muito certo, e tamb\u00e9m a C\u00e2mara de Vereadores, gra\u00e7as a essa uni\u00e3o conseguimos fazer hist\u00f3ria com um evento muito especial\u201d, pontuou.<\/p>\n\n\n\n<p>O Presidente do Conselho de Ministros e Pastores de Porto Nacional &#8211; COMPAS, Pedro Ferreira de Menezes, destacou a import\u00e2ncia da celebra\u00e7\u00e3o \u201cParabenizo a gest\u00e3o municipal, na pessoa do prefeito Ronivon Maciel, por essa parceria com o COMPAS que tem dado t\u00e3o certo. Tivemos uma noite primorosa com duas atra\u00e7\u00f5es regionais e duas nacionais, algo que n\u00e3o tinha acontecido antes. Eu acredito que o nome do Senhor Deus tem sido exaltado e glorificado, a palavra de Deus foi anunciada aos nossos cora\u00e7\u00f5es. Foi uma ben\u00e7\u00e3o\u201d, frisou.<\/p>\n\n\n\n<p><img loading=\"lazy\" src=\"https:\/\/ecp.yusercontent.com\/mail?url=https%3A%2F%2Fwww.portonacional.to.gov.br%2Fimages%2Fappsaude%2Fcharonivdiaevax.jpg&amp;t=1689358652&amp;ymreqid=1404ead6-94aa-4e25-1cd7-33000101d200&amp;sig=IbvinoPgtPJkSYkww23OkQ--~D\" alt=\"charonivdiaevax\" width=\"785\" height=\"677\"><strong><em>Foto: Joeldino Gomes\/Secom Porto Nacional<\/em><\/strong><\/p>\n\n\n\n<p>Jefferson e Suellen deixaram uma mensagem edificante para toda a popula\u00e7\u00e3o de Porto Nacional. \u201cJesus \u00e9 o caminho, a verdade e a vida, em Jesus voc\u00ea encontrar\u00e1 paz, al\u00edvio e descanso. Ele disse, o meu fardo \u00e9 leve e meu julgo \u00e9 suave. Meus irm\u00e3os, encontrem guarida em Cristo, se escondam embaixo das asas dele, sejam protegidos por ele, Jesus \u00e9 a verdadeira felicidade\u201d, enfatizou.<\/p>\n\n\n\n<p>Por fim, a atra\u00e7\u00e3o nacional Israel Salazar parabenizou pelo anivers\u00e1rio da cidade e comemorou por estar presente no Dia do Evang\u00e9lico em Porto Nacional. \u201cEstou muito contente em estar presente em uma data t\u00e3o importante. Porto Nacional \u00e9 do Senhor\u201d, concluiu.<\/p>\n","protected":false},"excerpt":{"rendered":"<p>A prefeitura de Porto Nacional, por meio da Secretaria Municipal da Cultura e do Turismo, em parceria com o Conselho de Ministros e Pastores de Porto Nacional &#8211; COMPAS, realizou nesta quarta-feira, 12, uma s\u00e9rie de atividades em homenagem ao Dia do Evang\u00e9lico. A data faz parte do calend\u00e1rio oficial do munic\u00edpio, e \u00e9 celebrada [&hellip;]<\/p>\n","protected":false},"author":2,"featured_media":16457,"comment_status":"open","ping_status":"open","sticky":false,"template":"","format":"standard","meta":[],"categories":[5],"tags":[13],"_links":{"self":[{"href":"https:\/\/dgospel.com.br\/portal\/index.php\/wp-json\/wp\/v2\/posts\/16456"}],"collection":[{"href":"https:\/\/dgospel.com.br\/portal\/index.php\/wp-json\/wp\/v2\/posts"}],"about":[{"href":"https:\/\/dgospel.com.br\/portal\/index.php\/wp-json\/wp\/v2\/types\/post"}],"author":[{"embeddable":true,"href":"https:\/\/dgospel.com.br\/portal\/index.php\/wp-json\/wp\/v2\/users\/2"}],"replies":[{"embeddable":true,"href":"https:\/\/dgospel.com.br\/portal\/index.php\/wp-json\/wp\/v2\/comments?post=16456"}],"version-history":[{"count":1,"href":"https:\/\/dgospel.com.br\/portal\/index.php\/wp-json\/wp\/v2\/posts\/16456\/revisions"}],"predecessor-version":[{"id":16458,"href":"https:\/\/dgospel.com.br\/portal\/index.php\/wp-json\/wp\/v2\/posts\/16456\/revisions\/16458"}],"wp:featuredmedia":[{"embeddable":true,"href":"https:\/\/dgospel.com.br\/portal\/index.php\/wp-json\/wp\/v2\/media\/16457"}],"wp:attachment":[{"href":"https:\/\/dgospel.com.br\/portal\/index.php\/wp-json\/wp\/v2\/media?parent=16456"}],"wp:term":[{"taxonomy":"category","embeddable":true,"href":"https:\/\/dgospel.com.br\/portal\/index.php\/wp-json\/wp\/v2\/categories?post=16456"},{"taxonomy":"post_tag","embeddable":true,"href":"https:\/\/dgospel.com.br\/portal\/index.php\/wp-json\/wp\/v2\/tags?post=16456"}],"curies":[{"name":"wp","href":"https:\/\/api.w.org\/{rel}","templated":true}]}}