{"id":16459,"date":"2023-07-14T15:31:26","date_gmt":"2023-07-14T18:31:26","guid":{"rendered":"http:\/\/dgospel.com.br\/portal\/?p=16459"},"modified":"2023-07-14T15:31:53","modified_gmt":"2023-07-14T18:31:53","slug":"venezuela-evangelicos-fazem-ato-contra-pl-antidiscriminacao","status":"publish","type":"post","link":"https:\/\/dgospel.com.br\/portal\/index.php\/2023\/07\/14\/venezuela-evangelicos-fazem-ato-contra-pl-antidiscriminacao\/","title":{"rendered":"Venezuela: Evang\u00e9licos fazem ato contra PL antidiscrimina\u00e7\u00e3o"},"content":{"rendered":"\n<p>Centenas de evang\u00e9licos fizeram, nesta quinta-feira (13), uma passeata at\u00e9 a sede do Parlamento da Venezuela, em Caracas, onde entregaram um documento no qual pediam aos deputados que rejeitassem um projeto de \u201clei contra discrimina\u00e7\u00e3o\u201d que est\u00e1 em discuss\u00e3o.<\/p>\n\n\n\n<p>Ao ritmo de c\u00e2nticos crist\u00e3os e carregando faixas que defendiam \u201co modelo original de fam\u00edlia\u201d, os fi\u00e9is caminharam cerca de dois quil\u00f4metros pelo centro de Caracas \u2013 protegidos por policiais \u2013 at\u00e9 uma grande plataforma localizada em frente aos escrit\u00f3rios administrativos do Parlamento.<\/p>\n\n\n\n<p>No local, assim como em grande parte do percurso, os manifestantes passaram v\u00e1rios minutos orando e pedindo a Deus que detenha os perigos que, segundo eles, amea\u00e7am as fam\u00edlias venezuelanas, como a hipersexualiza\u00e7\u00e3o das crian\u00e7as e a superexposi\u00e7\u00e3o [delas] a telas e redes sociais.<\/p>\n\n\n\n<p>O chefe do governo de Caracas, Nahum Fern\u00e1ndez, esteve no ato, assim como um grupo de deputados da Assembleia Nacional que professam a f\u00e9 crist\u00e3 e que se manifestaram em v\u00e1rias ocasi\u00f5es contra uma poss\u00edvel descriminaliza\u00e7\u00e3o do aborto ou a legaliza\u00e7\u00e3o do casamento igualit\u00e1rio, exig\u00eancias que feministas e ativistas LGBTQI+ fazem h\u00e1 anos.<\/p>\n\n\n\n<figure class=\"wp-block-image\"><img src=\"https:\/\/static.cdn.pleno.news\/2023\/07\/089cfe59415ca3a6f1677d4e8af8639a7afc1e00w.jpg\" alt=\"\" class=\"wp-image-1169742\"\/><figcaption>Um casal evang\u00e9lico se casa simbolicamente em manifesta\u00e7\u00e3o para defender fam\u00edlia tradicional&nbsp;Foto: EFE\/ Miguel Guti\u00e9rrez<\/figcaption><\/figure>\n\n\n\n<p>Um dos manifestantes tomou a palavra e, na frente dos pol\u00edticos, leu o documento em quest\u00e3o, no qual eles tamb\u00e9m pedem para participar de todas as discuss\u00f5es legislativas relacionadas \u00e0 fam\u00edlia e \u00e0 religi\u00e3o, bem como para lan\u00e7ar uma campanha nacional contra a sexualiza\u00e7\u00e3o das crian\u00e7as.<\/p>\n\n\n\n<p>De acordo com Greilyn Garc\u00eda, uma das manifestantes, essa mobiliza\u00e7\u00e3o serve para rejeitar a tentativa do Parlamento de estabelecer \u201cleis que s\u00e3o contr\u00e1rias ao verdadeiro projeto que Deus fez\u201d.<\/p>\n\n\n\n<p>\u2013 Vim para esta marcha porque Deus estabeleceu minha fam\u00edlia, [vim para] marchar porque Deus se manifesta (\u2026). Deus criou Ad\u00e3o e Eva, homem \u00e9 homem e mulher \u00e9 mulher \u2013 disse \u00e0 EFE a mulher de 45 anos, que frequenta uma igreja evang\u00e9lica desde 2020.<\/p>\n\n\n\n<p>Na semana passada, cerca de 50 pessoas \u2013 quase todas evang\u00e9licas \u2013 se manifestaram em frente ao Minist\u00e9rio da Educa\u00e7\u00e3o, tamb\u00e9m em Caracas, para exigir que a educa\u00e7\u00e3o sexual seja exclu\u00edda das escolas, considerando que esse ensino \u00e9 contra \u201co modelo original de fam\u00edlia\u201d.<\/p>\n\n\n\n<p>*EFE<\/p>\n","protected":false},"excerpt":{"rendered":"<p>Centenas de evang\u00e9licos fizeram, nesta quinta-feira (13), uma passeata at\u00e9 a sede do Parlamento da Venezuela, em Caracas, onde entregaram um documento no qual pediam aos deputados que rejeitassem um projeto de \u201clei contra discrimina\u00e7\u00e3o\u201d que est\u00e1 em discuss\u00e3o. Ao ritmo de c\u00e2nticos crist\u00e3os e carregando faixas que defendiam \u201co modelo original de fam\u00edlia\u201d, os [&hellip;]<\/p>\n","protected":false},"author":2,"featured_media":16460,"comment_status":"open","ping_status":"open","sticky":false,"template":"","format":"standard","meta":[],"categories":[5],"tags":[13],"_links":{"self":[{"href":"https:\/\/dgospel.com.br\/portal\/index.php\/wp-json\/wp\/v2\/posts\/16459"}],"collection":[{"href":"https:\/\/dgospel.com.br\/portal\/index.php\/wp-json\/wp\/v2\/posts"}],"about":[{"href":"https:\/\/dgospel.com.br\/portal\/index.php\/wp-json\/wp\/v2\/types\/post"}],"author":[{"embeddable":true,"href":"https:\/\/dgospel.com.br\/portal\/index.php\/wp-json\/wp\/v2\/users\/2"}],"replies":[{"embeddable":true,"href":"https:\/\/dgospel.com.br\/portal\/index.php\/wp-json\/wp\/v2\/comments?post=16459"}],"version-history":[{"count":1,"href":"https:\/\/dgospel.com.br\/portal\/index.php\/wp-json\/wp\/v2\/posts\/16459\/revisions"}],"predecessor-version":[{"id":16461,"href":"https:\/\/dgospel.com.br\/portal\/index.php\/wp-json\/wp\/v2\/posts\/16459\/revisions\/16461"}],"wp:featuredmedia":[{"embeddable":true,"href":"https:\/\/dgospel.com.br\/portal\/index.php\/wp-json\/wp\/v2\/media\/16460"}],"wp:attachment":[{"href":"https:\/\/dgospel.com.br\/portal\/index.php\/wp-json\/wp\/v2\/media?parent=16459"}],"wp:term":[{"taxonomy":"category","embeddable":true,"href":"https:\/\/dgospel.com.br\/portal\/index.php\/wp-json\/wp\/v2\/categories?post=16459"},{"taxonomy":"post_tag","embeddable":true,"href":"https:\/\/dgospel.com.br\/portal\/index.php\/wp-json\/wp\/v2\/tags?post=16459"}],"curies":[{"name":"wp","href":"https:\/\/api.w.org\/{rel}","templated":true}]}}