{"id":16468,"date":"2023-07-14T15:41:31","date_gmt":"2023-07-14T18:41:31","guid":{"rendered":"http:\/\/dgospel.com.br\/portal\/?p=16468"},"modified":"2023-07-14T15:41:32","modified_gmt":"2023-07-14T18:41:32","slug":"justica-proibe-frase-sob-a-protecao-de-deus-e-leitura-da-biblia-na-camara-de-aracatuba","status":"publish","type":"post","link":"https:\/\/dgospel.com.br\/portal\/index.php\/2023\/07\/14\/justica-proibe-frase-sob-a-protecao-de-deus-e-leitura-da-biblia-na-camara-de-aracatuba\/","title":{"rendered":"Justi\u00e7a pro\u00edbe frase \u201csob a prote\u00e7\u00e3o de Deus\u201d e leitura da B\u00edblia na C\u00e2mara de Ara\u00e7atuba"},"content":{"rendered":"\n<p>A Justi\u00e7a&nbsp;<strong><a href=\"https:\/\/guiame.com.br\/gospel\/noticias\/apos-proibicao-justica-concede-liminar-para-prefeitura-realizar-festival-evangelico\">proibiu<\/a><\/strong>&nbsp;o uso da frase \u201csob a prote\u00e7\u00e3o de Deus\u201d e a&nbsp;<strong><a href=\"https:\/\/guiame.com.br\/gospel\/noticias\/distrito-dos-eua-proibe-biblia-em-escolas-por-conter-vulgaridade-ou-violencia.html\">leitura da B\u00edblia<\/a><\/strong>&nbsp;na C\u00e2mara Municipal de Ara\u00e7atuba (SP).<\/p>\n\n\n\n<p>O Tribunal de Justi\u00e7a do Estado de S\u00e3o Paulo (TJ-SP) considerou inconstitucional a leitura b\u00edblica e o uso da frase citando Deus no in\u00edcio das sess\u00f5es da C\u00e2mara de Vereadores.<\/p>\n\n\n\n<p>A decis\u00e3o foi julgada em maio deste ano, ap\u00f3s o Minist\u00e9rio P\u00fablico propor A\u00e7\u00e3o Direta de Inconstitucionalidade (ADI), e n\u00e3o tem possibilidade de recurso. Por\u00e9m, a C\u00e2mara de Ara\u00e7atuba informou que foi comunicada sobre a a\u00e7\u00e3o somente neste m\u00eas.<\/p>\n\n\n\n<p>A abertura das sess\u00f5es legislativas com a express\u00e3o \u201csob a prote\u00e7\u00e3o de Deus, iniciamos nossos trabalhos\u201d, seguido pela leitura da B\u00edblia por um vereador est\u00e1 prevista no Regimento Interno da C\u00e2mara, no par\u00e1grafo primeiro do artigo 141.<\/p>\n\n\n\n<p>O desembargador Tarc\u00edsio Ferreira Vianna, relator da a\u00e7\u00e3o, afirmou que a pr\u00e1tica viola o estado laico, ao privilegiar uma religi\u00e3o em rela\u00e7\u00e3o \u00e0s demais.<\/p>\n\n\n\n<p>Vianna ainda declarou que a legisla\u00e7\u00e3o viola o princ\u00edpio do interesse p\u00fablico, porque n\u00e3o traz benef\u00edcios para a coletividade.&nbsp;<\/p>\n\n\n\n<p>A C\u00e2mara de Ara\u00e7atuba est\u00e1 em recesso parlamentar. As sess\u00f5es retornar\u00e3o no dia 7 de agosto, quando os parlamentares n\u00e3o poder\u00e3o mais realizar o rito religioso.<\/p>\n","protected":false},"excerpt":{"rendered":"<p>A Justi\u00e7a&nbsp;proibiu&nbsp;o uso da frase \u201csob a prote\u00e7\u00e3o de Deus\u201d e a&nbsp;leitura da B\u00edblia&nbsp;na C\u00e2mara Municipal de Ara\u00e7atuba (SP). O Tribunal de Justi\u00e7a do Estado de S\u00e3o Paulo (TJ-SP) considerou inconstitucional a leitura b\u00edblica e o uso da frase citando Deus no in\u00edcio das sess\u00f5es da C\u00e2mara de Vereadores. A decis\u00e3o foi julgada em maio [&hellip;]<\/p>\n","protected":false},"author":2,"featured_media":16469,"comment_status":"open","ping_status":"open","sticky":false,"template":"","format":"standard","meta":[],"categories":[10],"tags":[],"_links":{"self":[{"href":"https:\/\/dgospel.com.br\/portal\/index.php\/wp-json\/wp\/v2\/posts\/16468"}],"collection":[{"href":"https:\/\/dgospel.com.br\/portal\/index.php\/wp-json\/wp\/v2\/posts"}],"about":[{"href":"https:\/\/dgospel.com.br\/portal\/index.php\/wp-json\/wp\/v2\/types\/post"}],"author":[{"embeddable":true,"href":"https:\/\/dgospel.com.br\/portal\/index.php\/wp-json\/wp\/v2\/users\/2"}],"replies":[{"embeddable":true,"href":"https:\/\/dgospel.com.br\/portal\/index.php\/wp-json\/wp\/v2\/comments?post=16468"}],"version-history":[{"count":1,"href":"https:\/\/dgospel.com.br\/portal\/index.php\/wp-json\/wp\/v2\/posts\/16468\/revisions"}],"predecessor-version":[{"id":16470,"href":"https:\/\/dgospel.com.br\/portal\/index.php\/wp-json\/wp\/v2\/posts\/16468\/revisions\/16470"}],"wp:featuredmedia":[{"embeddable":true,"href":"https:\/\/dgospel.com.br\/portal\/index.php\/wp-json\/wp\/v2\/media\/16469"}],"wp:attachment":[{"href":"https:\/\/dgospel.com.br\/portal\/index.php\/wp-json\/wp\/v2\/media?parent=16468"}],"wp:term":[{"taxonomy":"category","embeddable":true,"href":"https:\/\/dgospel.com.br\/portal\/index.php\/wp-json\/wp\/v2\/categories?post=16468"},{"taxonomy":"post_tag","embeddable":true,"href":"https:\/\/dgospel.com.br\/portal\/index.php\/wp-json\/wp\/v2\/tags?post=16468"}],"curies":[{"name":"wp","href":"https:\/\/api.w.org\/{rel}","templated":true}]}}