{"id":1647,"date":"2018-10-22T11:02:47","date_gmt":"2018-10-22T13:02:47","guid":{"rendered":"http:\/\/dgospel.com.br\/portal\/?p=1647"},"modified":"2018-10-22T11:02:47","modified_gmt":"2018-10-22T13:02:47","slug":"apos-ser-reeleito-mauro-carlesse-busca-recursos-para-o-tocantins-no-governo-federal","status":"publish","type":"post","link":"https:\/\/dgospel.com.br\/portal\/index.php\/2018\/10\/22\/apos-ser-reeleito-mauro-carlesse-busca-recursos-para-o-tocantins-no-governo-federal\/","title":{"rendered":"Ap\u00f3s ser reeleito, Mauro Carlesse busca recursos para o Tocantins no governo federal"},"content":{"rendered":"<p>Ap\u00f3s cumprir compromissos de governador nos dias 8 e 9, posteriores \u00e0 elei\u00e7\u00e3o do 1\u00ba turno, no qual foi reeleito com 57,39% dos votos v\u00e1lidos, Mauro Carlesse foi a Bras\u00edlia (DF) em busca de destravar a libera\u00e7\u00e3o de recursos que estavam parados devido ao per\u00edodo eleitoral. &#8220;N\u00f3s estamos andando e procurando n\u00e3o perder o prazo dos contratos. Essa vinda aqui \u00e9 muito importante, pois estamos vendo alguns contratos que est\u00e3o prestes a vencer, pois queremos dar continuidade ao nosso trabalho\u201d, disse.<\/p>\n<p>Em Bras\u00edlia, Carlesse se encontrou com o presidente Michel Temer e se reuniu com o ministro-chefe da Secretaria de Governo, Carlos Marun;\u00a0o ministro da Sa\u00fade, Gilberto Occhi; e\u00a0o ministro da Integra\u00e7\u00e3o Nacional, Ant\u00f4nio de P\u00e1dua. Na ocasi\u00e3o, o governador buscou a libera\u00e7\u00e3o de recursos para projetos em andamento e a viabiliza\u00e7\u00e3o de obras j\u00e1 previstas, como hospitais, pontes e pavimenta\u00e7\u00e3o; al\u00e9m de recursos para as \u00e1reas da Sa\u00fade e da Infraestrutura do Governo.<\/p>\n<p>\u201cEssa visita, em todos estes minist\u00e9rios, \u00e9 a primeira visita como governador reeleito e \u00e9 o que temos que fazer, estar pr\u00f3ximo\u00a0a todos os minist\u00e9rios para conseguir ainda mais recursos para o Tocantins\u201d, enfatizou Mauro Carlesse.<\/p>\n<p><strong>Reuni\u00e3o com a bancada federal<\/strong><\/p>\n<p>Na \u00faltima quarta-feira, 17, Mauro Carlesse retornou a Bras\u00edlia para se reunir com a bancada federal do Tocantins no Congresso Nacional. O governador, juntamente com secret\u00e1rios de Estado, discutiu demandas do Estado com os deputados Carlos Henrique Gaguim, professora Dorinha, C\u00e9sar Halum, Josi Nunes, L\u00e1zaro Botelho e Milne Freitas, al\u00e9m da senadora K\u00e1tia Abreu e dos senadores eleitos Eduardo Gomes e Iraj\u00e1 Abreu.<\/p>\n<p>No que diz respeito \u00e0s prioridades para o Estado, o governador garantiu que a primazia ser\u00e1 nas \u00e1reas de\u00a0educa\u00e7\u00e3o, sa\u00fade e seguran\u00e7a p\u00fablica. &#8220;Estamos trabalhando bastante para que a gente consiga o m\u00e1ximo que puder dessas emendas para sa\u00fade, seguran\u00e7a p\u00fablica e educa\u00e7\u00e3o. O nosso trabalho \u00e9 unificar o Estado de forma que todos os parlamentares tenham compromisso com o que foi dito no per\u00edodo eleitoral e cumprir com os compromissos. Para isso \u00e9 que estamos juntos&#8221;, concluiu o governador.<\/p>\n<p><strong>Tocantins na mira de grandes investimentos<\/strong><\/p>\n<p>Al\u00e9m da busca de recursos em Bras\u00edlia, Carlesse tamb\u00e9m se reuniu, no Pal\u00e1cio Araguaia, com empres\u00e1rios interessados em investir no Tocantins. Na quinta-feira, 18, o governador conversou com empres\u00e1rios goianos da empresa Gest\u00e3o de Neg\u00f3cios Agropecu\u00e1rios Ltda (GNA), de Rio Verde (GO), interessados em investir no ramo de granja para produ\u00e7\u00e3o de ovos.<\/p>\n<p>Tamb\u00e9m na quinta-feira, 18, estiveram no Pal\u00e1cio Araguaia, para encontro com o governador, executivos do grupo VLI \u2013 Valor Log\u00edstica Integrada, empresa instalada no distrito de Luzimangues, munic\u00edpio de Porto Nacional. Eles vieram refor\u00e7ar a parceria da empresa com o Governo do Estado e dos projetos de interliga\u00e7\u00e3o ferrovi\u00e1ria.<\/p>\n<p>Carlesse se reuniu no \u00faltimo dia 11, com o empres\u00e1rio chin\u00eas Wang Guang Biao, que tratou da implanta\u00e7\u00e3o da ind\u00fastria Royal Optical, que fabrica lentes oft\u00e1lmicas de alta tecnologia. O empreendimento ser\u00e1 implantado em Porto Nacional e deve gerar algo em torno de 800 empregos diretos e envolve recursos na ordem de 10 milh\u00f5es de d\u00f3lares.<\/p>\n<p><strong>Vistoria \u00e0 obra<\/strong><\/p>\n<p>O governador Mauro Carlesse tamb\u00e9m vistoriou, na \u00faltima segunda-feira, 15, o andamento das obras da Avenida NS-15, em Palmas. A obra promete desviar o tr\u00e2nsito de ve\u00edculos pesados do centro de Palmas e tamb\u00e9m beneficiar os moradores da regi\u00e3o norte da Capital. Os recursos s\u00e3o de R$ 129 milh\u00f5es, oriundos da Caixa Econ\u00f4mica Federal e do Governo do Estado.<\/p>\n<p>\u201cGosto de acompanhar de perto as obras, \u00e9 uma forma de fiscalizar o andamento, verificar a qualidade do que est\u00e1 sendo feito e garantir que os recursos p\u00fablicos sejam bem empregados\u201d, ressaltou.<\/p>\n<p>Quando conclu\u00edda, a NS-15 contar\u00e1 com 17 quil\u00f4metros de extens\u00e3o, dos quais 14 quil\u00f4metros ser\u00e3o de pista dupla, e vai interligar \u00e0 LO-13 e, automaticamente, as rodovias\u00a0TO-050, 010 e 080. As obras estavam paradas desde 2017 e foram retomadas ainda no m\u00eas de maio deste ano.\u00a0<strong>(Colaboraram: Rondinelli Ben\u00edcio e Jarbas Coutinho)<\/strong><\/p>\n","protected":false},"excerpt":{"rendered":"<p>Ap\u00f3s cumprir compromissos de governador nos dias 8 e 9, posteriores \u00e0 elei\u00e7\u00e3o do 1\u00ba turno, no qual foi reeleito com 57,39% dos votos v\u00e1lidos, Mauro Carlesse foi a Bras\u00edlia (DF) em busca de destravar a libera\u00e7\u00e3o de recursos que estavam parados devido ao per\u00edodo eleitoral. &#8220;N\u00f3s estamos andando e procurando n\u00e3o perder o prazo [&hellip;]<\/p>\n","protected":false},"author":2,"featured_media":1648,"comment_status":"open","ping_status":"open","sticky":false,"template":"","format":"standard","meta":[],"categories":[2,3],"tags":[],"_links":{"self":[{"href":"https:\/\/dgospel.com.br\/portal\/index.php\/wp-json\/wp\/v2\/posts\/1647"}],"collection":[{"href":"https:\/\/dgospel.com.br\/portal\/index.php\/wp-json\/wp\/v2\/posts"}],"about":[{"href":"https:\/\/dgospel.com.br\/portal\/index.php\/wp-json\/wp\/v2\/types\/post"}],"author":[{"embeddable":true,"href":"https:\/\/dgospel.com.br\/portal\/index.php\/wp-json\/wp\/v2\/users\/2"}],"replies":[{"embeddable":true,"href":"https:\/\/dgospel.com.br\/portal\/index.php\/wp-json\/wp\/v2\/comments?post=1647"}],"version-history":[{"count":1,"href":"https:\/\/dgospel.com.br\/portal\/index.php\/wp-json\/wp\/v2\/posts\/1647\/revisions"}],"predecessor-version":[{"id":1649,"href":"https:\/\/dgospel.com.br\/portal\/index.php\/wp-json\/wp\/v2\/posts\/1647\/revisions\/1649"}],"wp:featuredmedia":[{"embeddable":true,"href":"https:\/\/dgospel.com.br\/portal\/index.php\/wp-json\/wp\/v2\/media\/1648"}],"wp:attachment":[{"href":"https:\/\/dgospel.com.br\/portal\/index.php\/wp-json\/wp\/v2\/media?parent=1647"}],"wp:term":[{"taxonomy":"category","embeddable":true,"href":"https:\/\/dgospel.com.br\/portal\/index.php\/wp-json\/wp\/v2\/categories?post=1647"},{"taxonomy":"post_tag","embeddable":true,"href":"https:\/\/dgospel.com.br\/portal\/index.php\/wp-json\/wp\/v2\/tags?post=1647"}],"curies":[{"name":"wp","href":"https:\/\/api.w.org\/{rel}","templated":true}]}}