{"id":16471,"date":"2023-07-17T15:51:10","date_gmt":"2023-07-17T18:51:10","guid":{"rendered":"http:\/\/dgospel.com.br\/portal\/?p=16471"},"modified":"2023-07-17T15:51:11","modified_gmt":"2023-07-17T18:51:11","slug":"escolas-civico-militares-fizeram-cair-violencia-e-evasao-escolar","status":"publish","type":"post","link":"https:\/\/dgospel.com.br\/portal\/index.php\/2023\/07\/17\/escolas-civico-militares-fizeram-cair-violencia-e-evasao-escolar\/","title":{"rendered":"Escolas c\u00edvico-militares fizeram cair viol\u00eancia e evas\u00e3o escolar"},"content":{"rendered":"\n<p>Em dezembro de 2022, o Minist\u00e9rio da Educa\u00e7\u00e3o divulgou uma avalia\u00e7\u00e3o sobre o Programa Nacional das Escolas C\u00edvico-Militares (Pecim) com resultados positivos sobre a transforma\u00e7\u00e3o de escolas regulares no modelo novo.<\/p>\n\n\n\n<p>Uma pesquisa com cerca de 25 mil pessoas da comunidade escolar constatou que a viol\u00eancia f\u00edsica foi reduzida em 82%, a viol\u00eancia verbal diminu\u00edda em 75% e a viol\u00eancia patrimonial em 82%. A mesma pesquisa constatou que a evas\u00e3o e o abandono escolar diminu\u00edram em quase 80%. Outro dado positivo foi que 85% da comunidade respondeu satisfatoriamente ao ambiente escolar ap\u00f3s a mudan\u00e7a para o modelo do Pecim.<\/p>\n\n\n\n<p>Institu\u00eddo em setembro de 2019, o Pecim passou a ser adotado em escolas p\u00fablicas de ensino regular que possu\u00edam baixo resultado no Ideb e que atendiam estudantes em situa\u00e7\u00e3o de vulnerabilidade socioecon\u00f4mica.<\/p>\n\n\n\n<p>Ao longo do mandato do ex-presidente Jair Bolsonaro, foram criadas 202 escolas c\u00edvico-militares, sendo 39 unidades localizadas na regi\u00e3o Norte; 26 na regi\u00e3o Sul; 37 escolas no Nordeste, 46 no Sudeste e 54 no Sul. Juntas, atendem a mais de 120 mil alunos.<\/p>\n\n\n\n<p>O programa foi encerrado pelo presidente Luiz In\u00e1cio Lula da Silva (PT) na quarta-feira (12), anunciando que as escolas ser\u00e3o transferidas, de forma progressiva, para o modelo regular de ensino.<\/p>\n\n\n\n<p>Ao explicar um dos motivos para o fim do Pecim, o ministro da Educa\u00e7\u00e3o, Camilo Santana, afirmou que os recursos investidos neste modelo escolar poderiam ser mobilizados em outra prioridade.<\/p>\n","protected":false},"excerpt":{"rendered":"<p>Em dezembro de 2022, o Minist\u00e9rio da Educa\u00e7\u00e3o divulgou uma avalia\u00e7\u00e3o sobre o Programa Nacional das Escolas C\u00edvico-Militares (Pecim) com resultados positivos sobre a transforma\u00e7\u00e3o de escolas regulares no modelo novo. Uma pesquisa com cerca de 25 mil pessoas da comunidade escolar constatou que a viol\u00eancia f\u00edsica foi reduzida em 82%, a viol\u00eancia verbal diminu\u00edda [&hellip;]<\/p>\n","protected":false},"author":2,"featured_media":16472,"comment_status":"open","ping_status":"open","sticky":false,"template":"","format":"standard","meta":[],"categories":[10],"tags":[],"_links":{"self":[{"href":"https:\/\/dgospel.com.br\/portal\/index.php\/wp-json\/wp\/v2\/posts\/16471"}],"collection":[{"href":"https:\/\/dgospel.com.br\/portal\/index.php\/wp-json\/wp\/v2\/posts"}],"about":[{"href":"https:\/\/dgospel.com.br\/portal\/index.php\/wp-json\/wp\/v2\/types\/post"}],"author":[{"embeddable":true,"href":"https:\/\/dgospel.com.br\/portal\/index.php\/wp-json\/wp\/v2\/users\/2"}],"replies":[{"embeddable":true,"href":"https:\/\/dgospel.com.br\/portal\/index.php\/wp-json\/wp\/v2\/comments?post=16471"}],"version-history":[{"count":1,"href":"https:\/\/dgospel.com.br\/portal\/index.php\/wp-json\/wp\/v2\/posts\/16471\/revisions"}],"predecessor-version":[{"id":16473,"href":"https:\/\/dgospel.com.br\/portal\/index.php\/wp-json\/wp\/v2\/posts\/16471\/revisions\/16473"}],"wp:featuredmedia":[{"embeddable":true,"href":"https:\/\/dgospel.com.br\/portal\/index.php\/wp-json\/wp\/v2\/media\/16472"}],"wp:attachment":[{"href":"https:\/\/dgospel.com.br\/portal\/index.php\/wp-json\/wp\/v2\/media?parent=16471"}],"wp:term":[{"taxonomy":"category","embeddable":true,"href":"https:\/\/dgospel.com.br\/portal\/index.php\/wp-json\/wp\/v2\/categories?post=16471"},{"taxonomy":"post_tag","embeddable":true,"href":"https:\/\/dgospel.com.br\/portal\/index.php\/wp-json\/wp\/v2\/tags?post=16471"}],"curies":[{"name":"wp","href":"https:\/\/api.w.org\/{rel}","templated":true}]}}