{"id":16474,"date":"2023-07-17T16:14:57","date_gmt":"2023-07-17T19:14:57","guid":{"rendered":"http:\/\/dgospel.com.br\/portal\/?p=16474"},"modified":"2023-07-17T16:14:58","modified_gmt":"2023-07-17T19:14:58","slug":"com-defesa-sanitaria-forte-governo-do-tocantins-registra-crescimento-nas-areas-do-plantio-de-soja-e-do-rebanho-bovino","status":"publish","type":"post","link":"https:\/\/dgospel.com.br\/portal\/index.php\/2023\/07\/17\/com-defesa-sanitaria-forte-governo-do-tocantins-registra-crescimento-nas-areas-do-plantio-de-soja-e-do-rebanho-bovino\/","title":{"rendered":"Com defesa sanit\u00e1ria forte, Governo do Tocantins registra crescimento nas \u00e1reas do plantio de soja e do rebanho bovino"},"content":{"rendered":"\n<p>O sistema de defesa sanit\u00e1ria do Governo do Tocantins, sob responsabilidade da Ag\u00eancia de Defesa Agropecu\u00e1ria (Adapec), vem se fortalecendo a cada ano e garantindo o crescimento do setor agropecu\u00e1rio. Entre tantas a\u00e7\u00f5es executadas no primeiro semestre de 2023, o Estado registrou dois importantes dados: o aumento de 19,5% de propriedades cadastradas na Ag\u00eancia para o plantio de soja, somando 1,2 milh\u00e3o de hectares, distribu\u00eddos em 2.416 propriedades; e o crescimento do rebanho bovino, que alcan\u00e7ou 11,2 milh\u00f5es de cabe\u00e7as.<\/p>\n\n\n\n<p>Para refor\u00e7ar a\u00e7\u00f5es das \u00e1reas animal e vegetal, o Governo do Tocantins reformou, neste primeiro semestre, 20 unidades de atendimento aos produtores, com recursos do Tesouro Estadual e do Fundo Privado de Defesa Agropecu\u00e1ria (Fundeagro) no valor de mais de R$ 2,5 milh\u00f5es. Tamb\u00e9m est\u00e3o sendo adquiridos 24 ve\u00edculos, sendo 17 com recursos provenientes de conv\u00eanio entre o Minist\u00e9rio da Agricultura e Pecu\u00e1ria (Mapa) e o Estado no valor de mais de R$ 1,6 milh\u00e3o; e&nbsp;sete ve\u00edculos com recursos advindos de leil\u00f5es de carros velhos no valor de R$ 800 mil.<\/p>\n\n\n\n<p>O presidente da Adapec, Paulo Lima, destaca que os avan\u00e7os alcan\u00e7ados s\u00e3o resultados dos investimentos e da valoriza\u00e7\u00e3o que o governador Wanderlei Barbosa mant\u00e9m no sistema de defesa sanit\u00e1ria do Tocantins, um olhar diferenciado que tem movido com agilidade todos os processos. \u201cEsse fortalecimento \u00e9 fundamental para o desenvolvimento da cadeia produtiva agropecu\u00e1ria, bem como para gera\u00e7\u00e3o de emprego e renda na cidade e no campo\u201d, afirma Paulo Lima.<\/p>\n\n\n\n<p><strong>\u00c1rea Animal<\/strong><\/p>\n\n\n\n<p>A manuten\u00e7\u00e3o dos&nbsp;<em>status&nbsp;<\/em>sanit\u00e1rios de livre de doen\u00e7as j\u00e1 conquistados \u00e9 prioridade, a Adapec realizou neste primeiro semestre, dois importantes estudos sorol\u00f3gicos e de vigil\u00e2ncias nos setores de avicultura industrial, incluindo cria\u00e7\u00f5es de subsist\u00eancia, com abordagem na influenza avi\u00e1ria e doen\u00e7a de Newcastle, al\u00e9m da suinocultura sobre a Peste Su\u00edna Cl\u00e1ssica (PSC).<\/p>\n\n\n\n<p>A preven\u00e7\u00e3o \u00e0 influenza avi\u00e1ria tem aten\u00e7\u00e3o especial do Governo do Tocantins, uma vez que o Brasil est\u00e1 em estado de emerg\u00eancia zoossanit\u00e1ria com casos registrados no&nbsp;Esp\u00edrito Santo, Bahia, Paran\u00e1, Rio de Janeiro, Rio Grande do Sul, Santa Catarina e S\u00e3o Paulo. Desde maio deste ano, visando \u00e0 qualifica\u00e7\u00e3o profissional nessa \u00e1rea, foram promovidos dois cursos em emerg\u00eancia sanit\u00e1ria; simp\u00f3sio; reuni\u00f5es quinzenais com institui\u00e7\u00f5es p\u00fablicas e privadas e palestras para os produtores rurais, al\u00e9m de ampla divulga\u00e7\u00e3o sobre preven\u00e7\u00e3o, notifica\u00e7\u00e3o e cuidados.<\/p>\n\n\n\n<p>A Adapec tamb\u00e9m tem refor\u00e7ado a preven\u00e7\u00e3o e o controle sanit\u00e1rio de doen\u00e7as que afetam os animais aqu\u00e1ticos e j\u00e1 realizou o cadastramento e o monitoramento de mil estabelecimentos aqu\u00edcolas. A raiva dos herb\u00edvoros e a brucelose se mant\u00eam controladas no Tocantins, gra\u00e7as ao trabalho que \u00e9 realizado. Para fortalecer a produ\u00e7\u00e3o de ovinos e caprinos, foi criado este ano, o Programa Estadual de Sanidade dos Caprinos e Ovinos.<\/p>\n\n\n\n<p>Ap\u00f3s a suspens\u00e3o da vacina\u00e7\u00e3o contra a febre aftosa, o Tocantins realizou a primeira campanha de declara\u00e7\u00e3o de informa\u00e7\u00f5es pecu\u00e1rias, uma medida essencial para a conquista da certifica\u00e7\u00e3o de livre da enfermidade sem vacina\u00e7\u00e3o. E nesta primeira etapa, 92,90% das propriedades com explora\u00e7\u00f5es pecu\u00e1rias realizaram a declara\u00e7\u00e3o, demonstrando o compromisso dos produtores rurais.<\/p>\n\n\n\n<p><strong>Inspe\u00e7\u00e3o Animal<\/strong><\/p>\n\n\n\n<p>A Adapec conta, atualmente, com 42 agroind\u00fastrias cadastradas no Servi\u00e7o de Inspe\u00e7\u00e3o Estadual (SIE) que, juntas, s\u00e3o respons\u00e1veis por uma movimenta\u00e7\u00e3o financeira anual de cerca de R$ 1,2 bilh\u00e3o, um recurso que contribui para a balan\u00e7a comercial do Estado. \u00c9 um dos setores em crescimento, s\u00f3 neste semestre foram registradas quatro novas empresas no SIE, nas \u00e1reas de pescado e produtos c\u00e1rneos; e mais uma no Sistema Brasileiro de Inspe\u00e7\u00e3o de Produtos de Origem Animal (Sisbi-POA) na produ\u00e7\u00e3o de ovos. Al\u00e9m disso, soma em parceria com outros \u00f3rg\u00e3os governamentais na elabora\u00e7\u00e3o de um plano de desenvolvimento da agroind\u00fastria familiar.&nbsp;<\/p>\n\n\n\n<p><strong>\u00c1rea Vegetal<\/strong><\/p>\n\n\n\n<p>A produ\u00e7\u00e3o vegetal no Tocantins vem atingindo recordes a cada ano, na safra 2022\/2023, segundo dados da Companhia Nacional de Abastecimento (Conab), foram produzidas 3.686,90 milh\u00f5es de toneladas de soja sequeiro, um aumento de 8,3% em rela\u00e7\u00e3o \u00e0 safra passada. A excepcionalidade do plantio da oleaginosa no per\u00edodo da entressafra est\u00e1 mantida, a regi\u00e3o ocupa uma \u00e1rea de aproximadamente 71 mil hectares destinados a sementes e\/ou pesquisa nas Plan\u00edcies Tropicais.<\/p>\n\n\n\n<p>Na fruticultura, a Adapec realiza o monitoramento de pragas nos dois principais polos do Estado, localizados nos Projetos de Irriga\u00e7\u00e3o de Manoel Alves e S\u00e3o Jo\u00e3o, nos munic\u00edpios de Dian\u00f3polis e Porto Nacional, respectivamente, a fim de manter o status fitossanit\u00e1rio sem ocorr\u00eancia das pragas quarenten\u00e1rias presentes que atacam as esp\u00e9cies do g\u00eanero citrus e outras frutas. Al\u00e9m disso, monitora a cada 15 dias mais de 100 armadilhas espalhadas por todas as regi\u00f5es do Estado para a preven\u00e7\u00e3o da mosca-da-carambola.<\/p>\n\n\n\n<p>Neste primeiro semestre, a Adapec, em parceria com outros \u00f3rg\u00e3os, realizou 12 edi\u00e7\u00f5es do&nbsp;<em>Projeto de Recebimento Itinerante<\/em>&nbsp;de embalagens vazias de agrot\u00f3xicos. Ao todo, foram devolvidas 36.392 embalagens, atendendo diretamente 592 pequenos e m\u00e9dios produtores rurais.<\/p>\n\n\n\n<p><strong>Qualifica\u00e7\u00e3o Profissional<\/strong><\/p>\n\n\n\n<p>Visando \u00e0 melhoria no atendimento das demandas, a Adapec realizou, nos seis primeiros meses do ano, 14 cursos, onde foram capacitados 610 servidores. As abordagens foram em \u00e1reas estrat\u00e9gicas como de geoprocessamento, sanidade dos su\u00eddeos, sanidade ap\u00edcola, sanidade av\u00edcola, emerg\u00eancia sanit\u00e1ria, sanidade dos equ\u00eddeos, brucelose e tuberculose, atualiza\u00e7\u00e3o em fiscaliza\u00e7\u00f5es nas barreiras fixas e volantes.<\/p>\n\n\n\n<p>As capacita\u00e7\u00f5es foram destinadas tamb\u00e9m ao p\u00fablico externo com mais de 700 pessoas inclu\u00eddas.\u00a0<\/p>\n\n\n\n<p><img src=\"https:\/\/central.to.gov.br\/image\/338926?w=670&amp;h=383\"><\/p>\n\n\n\n<p>Com monitoramento de controle da ferrugem asi\u00e1tica, a produ\u00e7\u00e3o de soja e a \u00e1rea de plantio t\u00eam crescido a cada ano &#8211; Keven Lopes\/Governo do Tocantins\u00a0<\/p>\n\n\n\n<p><img src=\"https:\/\/central.to.gov.br\/image\/338927?w=670&amp;h=383\"><\/p>\n\n\n\n<p>Agilidade, incentivo e orienta\u00e7\u00f5es prestados t\u00eam incentivado \u00e0 abertura de agroind\u00fastrias no Tocantins &#8211; Keven Lopes\/Governo do Tocantins&nbsp;<\/p>\n","protected":false},"excerpt":{"rendered":"<p>O sistema de defesa sanit\u00e1ria do Governo do Tocantins, sob responsabilidade da Ag\u00eancia de Defesa Agropecu\u00e1ria (Adapec), vem se fortalecendo a cada ano e garantindo o crescimento do setor agropecu\u00e1rio. Entre tantas a\u00e7\u00f5es executadas no primeiro semestre de 2023, o Estado registrou dois importantes dados: o aumento de 19,5% de propriedades cadastradas na Ag\u00eancia para [&hellip;]<\/p>\n","protected":false},"author":2,"featured_media":16475,"comment_status":"open","ping_status":"open","sticky":false,"template":"","format":"standard","meta":[],"categories":[3],"tags":[13],"_links":{"self":[{"href":"https:\/\/dgospel.com.br\/portal\/index.php\/wp-json\/wp\/v2\/posts\/16474"}],"collection":[{"href":"https:\/\/dgospel.com.br\/portal\/index.php\/wp-json\/wp\/v2\/posts"}],"about":[{"href":"https:\/\/dgospel.com.br\/portal\/index.php\/wp-json\/wp\/v2\/types\/post"}],"author":[{"embeddable":true,"href":"https:\/\/dgospel.com.br\/portal\/index.php\/wp-json\/wp\/v2\/users\/2"}],"replies":[{"embeddable":true,"href":"https:\/\/dgospel.com.br\/portal\/index.php\/wp-json\/wp\/v2\/comments?post=16474"}],"version-history":[{"count":1,"href":"https:\/\/dgospel.com.br\/portal\/index.php\/wp-json\/wp\/v2\/posts\/16474\/revisions"}],"predecessor-version":[{"id":16476,"href":"https:\/\/dgospel.com.br\/portal\/index.php\/wp-json\/wp\/v2\/posts\/16474\/revisions\/16476"}],"wp:featuredmedia":[{"embeddable":true,"href":"https:\/\/dgospel.com.br\/portal\/index.php\/wp-json\/wp\/v2\/media\/16475"}],"wp:attachment":[{"href":"https:\/\/dgospel.com.br\/portal\/index.php\/wp-json\/wp\/v2\/media?parent=16474"}],"wp:term":[{"taxonomy":"category","embeddable":true,"href":"https:\/\/dgospel.com.br\/portal\/index.php\/wp-json\/wp\/v2\/categories?post=16474"},{"taxonomy":"post_tag","embeddable":true,"href":"https:\/\/dgospel.com.br\/portal\/index.php\/wp-json\/wp\/v2\/tags?post=16474"}],"curies":[{"name":"wp","href":"https:\/\/api.w.org\/{rel}","templated":true}]}}