{"id":16483,"date":"2023-07-19T15:38:54","date_gmt":"2023-07-19T18:38:54","guid":{"rendered":"http:\/\/dgospel.com.br\/portal\/?p=16483"},"modified":"2023-07-19T15:38:55","modified_gmt":"2023-07-19T18:38:55","slug":"ciro-debocha-do-governo-por-dados-sobre-o-bolsa-familia","status":"publish","type":"post","link":"https:\/\/dgospel.com.br\/portal\/index.php\/2023\/07\/19\/ciro-debocha-do-governo-por-dados-sobre-o-bolsa-familia\/","title":{"rendered":"Ciro debocha do governo por dados sobre o Bolsa Fam\u00edlia"},"content":{"rendered":"\n<p>Nesta ter\u00e7a-feira (18), o presidente nacional do Partido Progressistas (PP), senador Ciro Nogueira (PI), criticou o governo do presidente Luiz In\u00e1cio Lula da Silva por ter divulgado informa\u00e7\u00f5es distorcidas sobre o programa Bolsa Fam\u00edlia. De acordo com o parlamentar, foi uma \u201cvergonha tamanho fam\u00edlia\u201d.<\/p>\n\n\n\n<p>Mais cedo, o governo informou que incluiu 1,3 milh\u00e3o de fam\u00edlias como benefici\u00e1rias do programa. No entanto, de acordo com o site Poder360, a gest\u00e3o Lula n\u00e3o informou que o n\u00famero de benefici\u00e1rios caiu 700 mil desde o fim do governo do ex-presidente Jair Bolsonaro.<\/p>\n\n\n\n<p>\u2013 Divulgar 1,3 milh\u00e3o a mais de benefici\u00e1rios quando, na verdade, s\u00e3o 700 mil benefici\u00e1rios a menos, n\u00e3o \u00e9 mais Bolsa Fam\u00edlia. \u00c9 vergonha TAMANHO FAM\u00cdLIA \u2013 apontou Ciro Nogueira.<\/p>\n\n\n\n<p><\/p>\n\n\n\n<figure class=\"wp-block-image size-large\"><img loading=\"lazy\" width=\"832\" height=\"1024\" src=\"http:\/\/dgospel.com.br\/portal\/wp-content\/uploads\/2023\/07\/203025006_330065571981602_2424795073260304747_n-832x1024.jpg\" alt=\"\" class=\"wp-image-16484\" srcset=\"https:\/\/dgospel.com.br\/portal\/wp-content\/uploads\/2023\/07\/203025006_330065571981602_2424795073260304747_n-832x1024.jpg 832w, https:\/\/dgospel.com.br\/portal\/wp-content\/uploads\/2023\/07\/203025006_330065571981602_2424795073260304747_n-244x300.jpg 244w, https:\/\/dgospel.com.br\/portal\/wp-content\/uploads\/2023\/07\/203025006_330065571981602_2424795073260304747_n-768x945.jpg 768w, https:\/\/dgospel.com.br\/portal\/wp-content\/uploads\/2023\/07\/203025006_330065571981602_2424795073260304747_n.jpg 1002w\" sizes=\"(max-width: 832px) 100vw, 832px\" \/><\/figure>\n","protected":false},"excerpt":{"rendered":"<p>Nesta ter\u00e7a-feira (18), o presidente nacional do Partido Progressistas (PP), senador Ciro Nogueira (PI), criticou o governo do presidente Luiz In\u00e1cio Lula da Silva por ter divulgado informa\u00e7\u00f5es distorcidas sobre o programa Bolsa Fam\u00edlia. De acordo com o parlamentar, foi uma \u201cvergonha tamanho fam\u00edlia\u201d. Mais cedo, o governo informou que incluiu 1,3 milh\u00e3o de fam\u00edlias [&hellip;]<\/p>\n","protected":false},"author":2,"featured_media":16485,"comment_status":"open","ping_status":"open","sticky":false,"template":"","format":"standard","meta":[],"categories":[4],"tags":[13],"_links":{"self":[{"href":"https:\/\/dgospel.com.br\/portal\/index.php\/wp-json\/wp\/v2\/posts\/16483"}],"collection":[{"href":"https:\/\/dgospel.com.br\/portal\/index.php\/wp-json\/wp\/v2\/posts"}],"about":[{"href":"https:\/\/dgospel.com.br\/portal\/index.php\/wp-json\/wp\/v2\/types\/post"}],"author":[{"embeddable":true,"href":"https:\/\/dgospel.com.br\/portal\/index.php\/wp-json\/wp\/v2\/users\/2"}],"replies":[{"embeddable":true,"href":"https:\/\/dgospel.com.br\/portal\/index.php\/wp-json\/wp\/v2\/comments?post=16483"}],"version-history":[{"count":1,"href":"https:\/\/dgospel.com.br\/portal\/index.php\/wp-json\/wp\/v2\/posts\/16483\/revisions"}],"predecessor-version":[{"id":16486,"href":"https:\/\/dgospel.com.br\/portal\/index.php\/wp-json\/wp\/v2\/posts\/16483\/revisions\/16486"}],"wp:featuredmedia":[{"embeddable":true,"href":"https:\/\/dgospel.com.br\/portal\/index.php\/wp-json\/wp\/v2\/media\/16485"}],"wp:attachment":[{"href":"https:\/\/dgospel.com.br\/portal\/index.php\/wp-json\/wp\/v2\/media?parent=16483"}],"wp:term":[{"taxonomy":"category","embeddable":true,"href":"https:\/\/dgospel.com.br\/portal\/index.php\/wp-json\/wp\/v2\/categories?post=16483"},{"taxonomy":"post_tag","embeddable":true,"href":"https:\/\/dgospel.com.br\/portal\/index.php\/wp-json\/wp\/v2\/tags?post=16483"}],"curies":[{"name":"wp","href":"https:\/\/api.w.org\/{rel}","templated":true}]}}