{"id":16487,"date":"2023-07-20T22:44:11","date_gmt":"2023-07-21T01:44:11","guid":{"rendered":"http:\/\/dgospel.com.br\/portal\/?p=16487"},"modified":"2023-07-20T22:44:12","modified_gmt":"2023-07-21T01:44:12","slug":"governo-do-tocantins-investe-em-transformacao-digital-e-acoes-para-o-bem-estar-do-servidor","status":"publish","type":"post","link":"https:\/\/dgospel.com.br\/portal\/index.php\/2023\/07\/20\/governo-do-tocantins-investe-em-transformacao-digital-e-acoes-para-o-bem-estar-do-servidor\/","title":{"rendered":"Governo do Tocantins investe em transforma\u00e7\u00e3o digital e a\u00e7\u00f5es para o bem-estar do servidor"},"content":{"rendered":"\n<p>Impulsionado pelo uso das novas tecnologias, o Governo do Tocantins investe em ferramentas para transformar a rotina dos servidores, abandonando pr\u00e1ticas antiquadas e reduzindo o uso de papel. A Secretaria de Estado da Administra\u00e7\u00e3o (Secad) tem adotado ideias que auxiliam na melhoria da gest\u00e3o de pessoas e na participa\u00e7\u00e3o do cidad\u00e3o na administra\u00e7\u00e3o p\u00fablica. Entre as iniciativas bem-sucedidas est\u00e3o: a posse digital, o servi\u00e7o de monitoramento realizado pelo Servir, as capacita\u00e7\u00f5es ofertadas pela Unidade Certificadora do Tocantins (Unicet) e pelo programa Ampare.<\/p>\n\n\n\n<p>O titular da Secad, Paulo C\u00e9sar Benfica, destaca as a\u00e7\u00f5es e os projetos da Secretaria. &#8220;Apesar das mudan\u00e7as ocorridas no in\u00edcio do ano, mantivemos nosso compromisso com os servidores e buscamos estar sempre \u00e0 frente das adversidades. Nesse sentido, a secretaria obteve in\u00fameros avan\u00e7os, especialmente em projetos e a\u00e7\u00f5es voltados para o aprimoramento profissional e pessoal do servidor p\u00fablico. Destaco as progress\u00f5es publicadas, refor\u00e7ando o compromisso do governo Wanderlei Barbosa com a valoriza\u00e7\u00e3o do servidor, assim como a transforma\u00e7\u00e3o digital do Estado, que se tornou realidade com o lan\u00e7amento da Posse Digital; as a\u00e7\u00f5es do Servir; a amplia\u00e7\u00e3o dos servi\u00e7os; e o aumento no n\u00famero de capacita\u00e7\u00f5es oferecidas pela Unicet. S\u00e3o diversas a\u00e7\u00f5es e programas que marcam os avan\u00e7os da nossa gest\u00e3o&#8221;, ressalta Paulo C\u00e9sar Benfica.<\/p>\n\n\n\n<p><strong>Inova\u00e7\u00e3o em tecnologia&nbsp;<\/strong><\/p>\n\n\n\n<p>Com o objetivo de trazer melhorias por meio da transforma\u00e7\u00e3o digital para o Tocantins, o governador Wanderlei Barbosa, juntamente com alguns gestores das pastas estaduais, incluindo o secret\u00e1rio da Administra\u00e7\u00e3o, Paulo C\u00e9sar Benfica, participou da&nbsp;<em>E-Governance Conference 2023<\/em>, o maior evento de governo digital do mundo, realizado em maio, &nbsp;na cidade de Tallinn, capital da Est\u00f4nia.<\/p>\n\n\n\n<p>A Est\u00f4nia \u00e9 conhecida mundialmente por sua experi\u00eancia em governo digital, sendo considerada um exemplo de sucesso na implanta\u00e7\u00e3o de sistemas eletr\u00f4nicos para a presta\u00e7\u00e3o de servi\u00e7os p\u00fablicos e transa\u00e7\u00f5es on-line no setor p\u00fablico<\/p>\n\n\n\n<p>Durante a agenda de trabalho no pa\u00eds, foram discutidas as melhores pr\u00e1ticas de transforma\u00e7\u00e3o digital no setor p\u00fablico e realizadas visitas t\u00e9cnicas, em uma imers\u00e3o de tr\u00eas dias.<\/p>\n\n\n\n<p><strong>Transforma\u00e7\u00e3o Digital<\/strong><\/p>\n\n\n\n<p>O processo de transforma\u00e7\u00e3o digital j\u00e1 \u00e9 uma realidade na gest\u00e3o estadual do Tocantins. A Secad implementou o processo de Posse Digital, para nomea\u00e7\u00f5es em cargos comissionados nos diversos \u00f3rg\u00e3os que comp\u00f5em a estrutura do Poder Executivo. &#8220;A posse digital traz in\u00fameros benef\u00edcios, como a agilidade nos processos e a comodidade para os servidores que residem no interior do Estado&#8221;, afirma.<\/p>\n\n\n\n<p>Os objetivos do Governo do Tocantins s\u00e3o agilizar e dinamizar os servi\u00e7os, para facilitar a vida dos cidad\u00e3os que buscam atendimento nos \u00f3rg\u00e3os estaduais. Um exemplo disso \u00e9 o programa \u00c9 Pra J\u00e1, que encerrou o primeiro semestre de 2023 registrando mais de 238 mil atendimentos nas unidades de Aragua\u00edna e Gurupi.<\/p>\n\n\n\n<p><strong>Servir melhor<\/strong><\/p>\n\n\n\n<p>Seguindo a busca por melhorias nos servi\u00e7os, por meio do plano de assist\u00eancia \u00e0 sa\u00fade dos servidores do Estado do Tocantins (Servir), o Governo realizou, em cinco meses, mais de 7 mil atendimentos voltados para o tratamento de transtornos de desenvolvimento, incluindo o Transtorno do Espectro Autista (TEA).<\/p>\n\n\n\n<p>Destaca-se que o Plano conta com 11 cl\u00ednicas credenciadas em Palmas, Aragua\u00edna e Gurupi; onde os benefici\u00e1rios t\u00eam acesso a atendimento multidisciplinar com neuropsicoterapia, psicoterapia, fonoaudiologia, musicoterapia, psicomotricidade com educador f\u00edsico, terapia ocupacional e terapia&nbsp;<em>Applied Behavior Analysis&nbsp;<\/em>(ABA).<\/p>\n\n\n\n<p>Outra a\u00e7\u00e3o de sucesso foi o servi\u00e7o de monitoramento de doen\u00e7as cr\u00f4nicas, realizado por meio do levantamento feito pelo setor de&nbsp;<em>Business Intelligence<\/em>&nbsp;(BI) do Servir. Inicialmente, foram identificados 430 benefici\u00e1rios, que est\u00e3o sendo monitorados pela equipe m\u00e9dica do plano. A previs\u00e3o \u00e9 de que esse n\u00famero chegue a 10 mil no auge do projeto.<\/p>\n\n\n\n<p>A servidora assistida pelo Servir, Kelly Keiko, parabenizou a iniciativa do plano. &#8220;Gostaria de parabenizar o Servir e toda a equipe, pois acabei de descobrir que sou diab\u00e9tica e j\u00e1 realizei a primeira consulta na cl\u00ednica e agendei com a nutricionista&#8221;, destaca.<\/p>\n\n\n\n<p><strong>Programa Ampare<\/strong><\/p>\n\n\n\n<p>Capitaneado pela Secad, o programa tem o intuito de promover campanhas e pol\u00edticas p\u00fablicas de conscientiza\u00e7\u00e3o e preven\u00e7\u00e3o de ass\u00e9dio e discrimina\u00e7\u00e3o no ambiente de trabalho; direcionadas aos agentes p\u00fablicos do Poder Executivo do Estado do Tocantins.<\/p>\n\n\n\n<p>O psic\u00f3logo da Junta M\u00e9dica Oficial do Estado (JMOE), Fl\u00e1vio Alexandre, aponta que, &#8220;\u00e9 muito importante abordar esse assunto para que os servidores se sintam mais amparados. Hoje, temos uma abertura muito maior para falar sobre esse tema e o trabalho da nossa equipe serve justamente para mostrar, ao servidor, que ele n\u00e3o est\u00e1 sozinho e pode encontrar apoio e ajuda&#8221;, enfatiza.<\/p>\n\n\n\n<p>Com dados da Junta M\u00e9dica, desde o in\u00edcio do ano, o Ampare realizou sete oficinas, cinco rodas de conversa, cinco palestras, 265 acolhimentos a servidores e 32 atendimentos.<\/p>\n\n\n\n<p>Destaca-se que, no m\u00eas de junho, a Junta M\u00e9dica teve um projeto premiado e apresentado no 23\u00ba Congresso de Stress da ISMA-BR, com o tema: Viver melhor: trabalho, stress e sa\u00fade.<\/p>\n\n\n\n<p><strong>Mais capacita\u00e7\u00f5es<\/strong><\/p>\n\n\n\n<p>Com foco em promover a educa\u00e7\u00e3o continuada para todos os servidores p\u00fablicos do Estado, por meio da Diretoria de Gest\u00e3o e Capacita\u00e7\u00e3o Continuada (Dicap), a Secad tem aumentado cada vez mais o acesso a cursos de capacita\u00e7\u00e3o e qualifica\u00e7\u00e3o profissional nas modalidades presencial, semipresencial e a dist\u00e2ncia.<\/p>\n\n\n\n<p>Com isso, a Unidade Certificadora do Tocantins (Unicet) disponibiliza em sua plataforma cursos na modalidade \u00e0 dist\u00e2ncia, permitindo o acesso de todos os servidores dos 139 munic\u00edpios do Estado \u00e0 forma\u00e7\u00e3o continuada. Nesses primeiros seis meses, foram emitidos mais de 2 mil certificados pela Unicet.<\/p>\n\n\n\n<p>S\u00e3o ofertados mais de 20 cursos, totalizando quase 30 mil vagas disponibilizadas al\u00e9m das parcerias para a oferta de cursos com a Escola Nacional de Administra\u00e7\u00e3o P\u00fablica (Enap), o Instituto Conhecimento Liberta (ICL) e as Escolas de Governos de outros estados.<\/p>\n\n\n\n<p><img src=\"https:\/\/central.to.gov.br\/image\/339335?w=670&amp;h=383\"><\/p>\n\n\n\n<p>Secret\u00e1rio de Estado da Administra\u00e7\u00e3o, Paulo C\u00e9sar Benfica, destacou os projetos da Pasta e os avan\u00e7os da gest\u00e3o &#8211; Adilvan Nogueira\/Governo do Tocantins\u00a0<\/p>\n\n\n\n<p><img src=\"https:\/\/central.to.gov.br\/image\/339336?w=670&amp;h=383\"><\/p>\n\n\n\n<p>Servir realizou mais de 7 mil atendimentos voltados para o tratamento de transtornos de desenvolvimento &#8211; Divulga\u00e7\u00e3o<\/p>\n\n\n\n<p><img src=\"https:\/\/central.to.gov.br\/image\/339337?w=670&amp;h=383\"><\/p>\n\n\n\n<p>Com mais de 2 mil certificados emitidos, a Escola de Governo do Tocantins mant\u00e9m aprimoramento dos servidores com capacita\u00e7\u00e3o &#8211; Wanderson Gon\u00e7alves\/Governo do Tocantins\u00a0<\/p>\n","protected":false},"excerpt":{"rendered":"<p>Impulsionado pelo uso das novas tecnologias, o Governo do Tocantins investe em ferramentas para transformar a rotina dos servidores, abandonando pr\u00e1ticas antiquadas e reduzindo o uso de papel. A Secretaria de Estado da Administra\u00e7\u00e3o (Secad) tem adotado ideias que auxiliam na melhoria da gest\u00e3o de pessoas e na participa\u00e7\u00e3o do cidad\u00e3o na administra\u00e7\u00e3o p\u00fablica. Entre [&hellip;]<\/p>\n","protected":false},"author":2,"featured_media":16488,"comment_status":"open","ping_status":"open","sticky":false,"template":"","format":"standard","meta":[],"categories":[3],"tags":[13],"_links":{"self":[{"href":"https:\/\/dgospel.com.br\/portal\/index.php\/wp-json\/wp\/v2\/posts\/16487"}],"collection":[{"href":"https:\/\/dgospel.com.br\/portal\/index.php\/wp-json\/wp\/v2\/posts"}],"about":[{"href":"https:\/\/dgospel.com.br\/portal\/index.php\/wp-json\/wp\/v2\/types\/post"}],"author":[{"embeddable":true,"href":"https:\/\/dgospel.com.br\/portal\/index.php\/wp-json\/wp\/v2\/users\/2"}],"replies":[{"embeddable":true,"href":"https:\/\/dgospel.com.br\/portal\/index.php\/wp-json\/wp\/v2\/comments?post=16487"}],"version-history":[{"count":1,"href":"https:\/\/dgospel.com.br\/portal\/index.php\/wp-json\/wp\/v2\/posts\/16487\/revisions"}],"predecessor-version":[{"id":16489,"href":"https:\/\/dgospel.com.br\/portal\/index.php\/wp-json\/wp\/v2\/posts\/16487\/revisions\/16489"}],"wp:featuredmedia":[{"embeddable":true,"href":"https:\/\/dgospel.com.br\/portal\/index.php\/wp-json\/wp\/v2\/media\/16488"}],"wp:attachment":[{"href":"https:\/\/dgospel.com.br\/portal\/index.php\/wp-json\/wp\/v2\/media?parent=16487"}],"wp:term":[{"taxonomy":"category","embeddable":true,"href":"https:\/\/dgospel.com.br\/portal\/index.php\/wp-json\/wp\/v2\/categories?post=16487"},{"taxonomy":"post_tag","embeddable":true,"href":"https:\/\/dgospel.com.br\/portal\/index.php\/wp-json\/wp\/v2\/tags?post=16487"}],"curies":[{"name":"wp","href":"https:\/\/api.w.org\/{rel}","templated":true}]}}