{"id":16496,"date":"2023-07-20T22:51:57","date_gmt":"2023-07-21T01:51:57","guid":{"rendered":"http:\/\/dgospel.com.br\/portal\/?p=16496"},"modified":"2023-07-20T22:51:58","modified_gmt":"2023-07-21T01:51:58","slug":"governador-wanderlei-barbosa-sanciona-lei-que-denomina-sede-do-poder-executivo-de-palacio-araguaia-jose-wilson-siqueira-campos","status":"publish","type":"post","link":"https:\/\/dgospel.com.br\/portal\/index.php\/2023\/07\/20\/governador-wanderlei-barbosa-sanciona-lei-que-denomina-sede-do-poder-executivo-de-palacio-araguaia-jose-wilson-siqueira-campos\/","title":{"rendered":"Governador Wanderlei Barbosa sanciona lei que denomina sede do Poder Executivo de Pal\u00e1cio Araguaia Jos\u00e9 Wilson Siqueira Campos"},"content":{"rendered":"\n<p>A partir de agora, o Pal\u00e1cio Araguaia passa a se chamar<em>&nbsp;Pal\u00e1cio Araguaia Governador Jos\u00e9 Wilson Siqueira Campos<\/em>, conforme lei sancionada pelo governador do Tocantins, Wanderlei Barbosa. A san\u00e7\u00e3o da Lei n\u00ba 4.201, de 18 de julho de 2023, que \u00e9 de autoria do presidente da Assembleia Legislativa (Aleto), Am\u00e9lio Cayres, e aprovada por todos os demais parlamentares, foi publicada no Di\u00e1rio Oficial do Estado (DOE), desta quinta-feira, 20.<\/p>\n\n\n\n<p>\u201cGostaria de expressar minha profunda gratid\u00e3o a cada um dos deputados que prop\u00f4s e aprovou o projeto de lei que denomina o Pal\u00e1cio Araguaia com o nome do ex-governador Siqueira Campos. A decis\u00e3o dos parlamentares sobre o projeto de lei, foi um passo importante na preserva\u00e7\u00e3o da mem\u00f3ria de um l\u00edder extraordin\u00e1rio e na valoriza\u00e7\u00e3o do legado que ele deixou para o nosso amado Estado do Tocantins\u201d, ressaltou Wanderlei Barbosa.<\/p>\n\n\n\n<p><strong>Justificativa<\/strong><\/p>\n\n\n\n<p>Os deputados afirmam na justificativa do projeto de lei, que, com esse ato, o de passar a denominar o Pal\u00e1cio Araguaia como&nbsp;<em>Pal\u00e1cio Araguaia Governador Jos\u00e9 Wilson Siqueira Campos<\/em>, o nome do ex-governador do Tocantins ser\u00e1 eternizado, em virtude de sua not\u00e1vel contribui\u00e7\u00e3o para a cria\u00e7\u00e3o, implanta\u00e7\u00e3o e consolida\u00e7\u00e3o do Estado do Tocantins.<\/p>\n\n\n\n<p>\u201cJos\u00e9 Wilson Siqueira Campos foi uma das figuras mais proeminentes e determinantes para a luta em prol da emancipa\u00e7\u00e3o do Tocantins. Sua lideran\u00e7a vision\u00e1ria e incans\u00e1vel dedica\u00e7\u00e3o foram fundamentais na articula\u00e7\u00e3o pol\u00edtica e nos esfor\u00e7os para que o Estado do Tocantins fosse criado, ap\u00f3s uma longa batalha pela separa\u00e7\u00e3o do norte de Goi\u00e1s\u201d, menciona um trecho do PL.<\/p>\n\n\n\n<p>O documento tamb\u00e9m aponta que o Pal\u00e1cio, como sede do Poder Executivo do Estado do Tocantins, \u201c\u00e9 o s\u00edmbolo da representatividade do Governo e das decis\u00f5es tomadas em benef\u00edcio do povo tocantinense&#8221;. Ao associar o nome desse grande l\u00edder \u00e0 edifica\u00e7\u00e3o central do Poder Executivo, estaremos reafirmando sua import\u00e2ncia hist\u00f3rica e sua dedica\u00e7\u00e3o inestim\u00e1vel ao desenvolvimento desta terra.&nbsp;<\/p>\n\n\n\n<p>Al\u00e9m disso, a medida tamb\u00e9m contribui para preservar a hist\u00f3ria do Tocantins e incentivar o conhecimento sobre sua forma\u00e7\u00e3o, evolu\u00e7\u00e3o e as personalidades que tiveram um papel significativo em sua constru\u00e7\u00e3o.&nbsp;<em>O nome Pal\u00e1cio Araguaia Governador Jos\u00e9 Wilson Siqueira Campos<\/em>, representar\u00e1, portanto, um marco simb\u00f3lico da luta e do comprometimento de um dos principais art\u00edfices da consolida\u00e7\u00e3o do estado\u201d.<\/p>\n\n\n\n<p><strong>O que diz a Lei<\/strong><\/p>\n\n\n\n<p>Conforme a Lei n\u00ba 4.201, o Pal\u00e1cio Araguaia, sede do Poder Executivo do Estado do Tocantins, localizado no munic\u00edpio de Palmas, passa a denominar-se&nbsp;<em>Pal\u00e1cio Araguaia Governador Jos\u00e9 Wilson Siqueira Campos<\/em>, a partir da sua publica\u00e7\u00e3o no DOE. Portanto, todas as refer\u00eancias ao Pal\u00e1cio Araguaia em documentos oficiais, placas, comunica\u00e7\u00f5es e atos governamentais passam a utilizar o nome de&nbsp;<em>Pal\u00e1cio Araguaia Governador Jos\u00e9 Wilson Siqueira Campos<\/em>, desde esta quinta-feira, 20 de julho.<\/p>\n\n\n\n<p><strong>Pal\u00e1cio Araguaia<\/strong><\/p>\n\n\n\n<p>O Pal\u00e1cio Araguaia foi idealizado por Siqueira Campos e projetado pelos arquitetos Maria Luci da Costa e Ernani Vilela. Constru\u00edda em tempo recorde (13 meses), a sede do Poder Executivo foi inaugurada em 9 de mar\u00e7o de 1991 e configura como marco do Plano Diretor de Palmas. Antes de o Pal\u00e1cio ficar pronto, a sede administrativa do Governo do Tocantins tomou posse onde hoje \u00e9 o Palacinho, constru\u00e7\u00e3o feita em madeira de lei (jatob\u00e1), com sistema de montagem pr\u00e9-fabricado, hoje tombado como Museu Hist\u00f3rico do Tocantins.<\/p>\n\n\n\n<p>Ainda sobre o Pal\u00e1cio Araguaia, ele traz em seus detalhes tra\u00e7os da religiosidade, cultura, hist\u00f3ria e lutas do Estado, como os arcos que fazem refer\u00eancia \u00e0 Igreja de Nossa Senhora do Ros\u00e1rio, no munic\u00edpio de Natividade.<\/p>\n\n\n\n<p>Siqueira Campos, falecido no dia 4 de julho de 2023, em Palmas, governou o Tocantins em diferentes mandatos, (de 1989 a 1991, de 1995 a 1998, de 1999 a 2003 e de 2011 a 2014). Como chefe do Executivo, implementou projetos audaciosos, como a constru\u00e7\u00e3o da capital Palmas, a \u00faltima cidade brasileira planejada do s\u00e9culo 20.<\/p>\n\n\n\n<p>\u00c9 na capital do Tocantins que est\u00e1 situado o Pal\u00e1cio Araguaia, mas precisamente na Pra\u00e7a dos Girass\u00f3is, outra obra de Siqueira Campos que \u00e9 considerada a segunda maior pra\u00e7a urbana do mundo e carrega, em si, muitos tra\u00e7os e esculturas da hist\u00f3ria do Estado.<\/p>\n\n\n\n<p><img src=\"https:\/\/central.to.gov.br\/image\/339448?w=670&amp;h=383\"><\/p>\n\n\n\n<p>O Pal\u00e1cio Araguaia foi idealizado por Siqueira Campos e projetado pelos arquitetos Maria Luci da Costa e Ernani Vilela. &#8211; Carlos Eller\/Governo do Tocantins\u00a0<\/p>\n\n\n\n<p><img src=\"https:\/\/central.to.gov.br\/image\/339446?w=670&amp;h=383\"><\/p>\n\n\n\n<p>Constru\u00edda em tempo recorde (13 meses), a sede do Poder Executivo foi inaugurada em 9 de mar\u00e7o de 1991 e configura como marco do Plano Diretor de Palmas. &#8211; Governo do Tocantins<\/p>\n","protected":false},"excerpt":{"rendered":"<p>A partir de agora, o Pal\u00e1cio Araguaia passa a se chamar&nbsp;Pal\u00e1cio Araguaia Governador Jos\u00e9 Wilson Siqueira Campos, conforme lei sancionada pelo governador do Tocantins, Wanderlei Barbosa. A san\u00e7\u00e3o da Lei n\u00ba 4.201, de 18 de julho de 2023, que \u00e9 de autoria do presidente da Assembleia Legislativa (Aleto), Am\u00e9lio Cayres, e aprovada por todos os [&hellip;]<\/p>\n","protected":false},"author":2,"featured_media":16497,"comment_status":"open","ping_status":"open","sticky":false,"template":"","format":"standard","meta":[],"categories":[3],"tags":[13],"_links":{"self":[{"href":"https:\/\/dgospel.com.br\/portal\/index.php\/wp-json\/wp\/v2\/posts\/16496"}],"collection":[{"href":"https:\/\/dgospel.com.br\/portal\/index.php\/wp-json\/wp\/v2\/posts"}],"about":[{"href":"https:\/\/dgospel.com.br\/portal\/index.php\/wp-json\/wp\/v2\/types\/post"}],"author":[{"embeddable":true,"href":"https:\/\/dgospel.com.br\/portal\/index.php\/wp-json\/wp\/v2\/users\/2"}],"replies":[{"embeddable":true,"href":"https:\/\/dgospel.com.br\/portal\/index.php\/wp-json\/wp\/v2\/comments?post=16496"}],"version-history":[{"count":1,"href":"https:\/\/dgospel.com.br\/portal\/index.php\/wp-json\/wp\/v2\/posts\/16496\/revisions"}],"predecessor-version":[{"id":16498,"href":"https:\/\/dgospel.com.br\/portal\/index.php\/wp-json\/wp\/v2\/posts\/16496\/revisions\/16498"}],"wp:featuredmedia":[{"embeddable":true,"href":"https:\/\/dgospel.com.br\/portal\/index.php\/wp-json\/wp\/v2\/media\/16497"}],"wp:attachment":[{"href":"https:\/\/dgospel.com.br\/portal\/index.php\/wp-json\/wp\/v2\/media?parent=16496"}],"wp:term":[{"taxonomy":"category","embeddable":true,"href":"https:\/\/dgospel.com.br\/portal\/index.php\/wp-json\/wp\/v2\/categories?post=16496"},{"taxonomy":"post_tag","embeddable":true,"href":"https:\/\/dgospel.com.br\/portal\/index.php\/wp-json\/wp\/v2\/tags?post=16496"}],"curies":[{"name":"wp","href":"https:\/\/api.w.org\/{rel}","templated":true}]}}