{"id":16499,"date":"2023-07-22T10:40:34","date_gmt":"2023-07-22T13:40:34","guid":{"rendered":"http:\/\/dgospel.com.br\/portal\/?p=16499"},"modified":"2023-07-22T10:40:35","modified_gmt":"2023-07-22T13:40:35","slug":"parlamentares-vao-a-onu-denunciar-prisoes-do-8-de-janeiro","status":"publish","type":"post","link":"https:\/\/dgospel.com.br\/portal\/index.php\/2023\/07\/22\/parlamentares-vao-a-onu-denunciar-prisoes-do-8-de-janeiro\/","title":{"rendered":"Parlamentares v\u00e3o \u00e0 ONU denunciar pris\u00f5es do 8 de janeiro"},"content":{"rendered":"\n<p>Nesta sexta-feira (21), quatro parlamentares brasileiros estiveram em Nova Iorque, nos Estados Unidos, em reuni\u00e3o com o representante permanente do Brasil na ONU, embaixador S\u00e9rgio Fran\u00e7a Danese, para denunciar as pris\u00f5es dos manifestantes que estavam em Bras\u00edlia no dia 8 de janeiro.<\/p>\n\n\n\n<p>Os senadores Magno Malta (PL-ES), Eduardo Gir\u00e3o (Novo-CE) e Carlos Portinho (PL-RJ) estavam acompanhados do deputado federal Marcel van Hattem (Novo-RS) e levaram um documento assinado por mais de 80 parlamentares para iniciar a den\u00fancia na ONU, contra os ataques \u00e0 Constitui\u00e7\u00e3o Brasileira nos processos que envolvem os manifestantes que foram presos.<\/p>\n\n\n\n<p>\u2013 Viemos trazer um documento que trata dos dias 8 e do 9 de janeiro (\u2026). O que estamos fazendo \u00e9 uma longa caminhada em defesa dos valores que n\u00f3s acreditamos, e defendendo a nossa Constitui\u00e7\u00e3o e os direitos humanos do nosso povo \u2013 explicou Magno Malta.<\/p>\n\n\n\n<p>Van Hattem deixou claro que o embaixador os recebeu para dar ci\u00eancia deste documento que, em breve, ser\u00e1 traduzido para outros idiomas. Ele ainda adiantou que todos os processos poss\u00edveis ser\u00e3o feitos para que o mundo saiba o que tem acontecido no Brasil.<\/p>\n\n\n\n<p>\u2013 N\u00f3s vamos buscar todos os caminhos poss\u00edveis para fazer o caminho de fora para dentro, porque o caminho de dentro para fora n\u00f3s j\u00e1 estamos fazendo com a CMPI, o trabalho para instaurar a CPI do abuso de autoridade e nossos trabalhos nas comiss\u00f5es para desfazer essa grande injusti\u00e7a coletiva \u2013 garantiu.<\/p>\n\n\n\n<p>Os advogados e os familiares dos presos pol\u00edticos do 8 de janeiro ajudaram os parlamentares a construir esse documento que exp\u00f5e, por exemplo, que h\u00e1 pessoas presas sem acusa\u00e7\u00f5es, que os advogados n\u00e3o tiveram acesso ao processo, entre outros problemas jur\u00eddicos.<\/p>\n\n\n\n<p>\u2013 Este \u00e9 um momento \u00edmpar, estamos vivendo um Congresso Nacional muitas vezes subserviente para os outros poderes da Rep\u00fablica (\u2026). N\u00f3s viemos aqui, de forma serena, tranquila e firme, dar ci\u00eancia ao embaixador do teor da den\u00fancia, que s\u00e3o cerca de 50 p\u00e1ginas, e estamos cumprindo o nosso papel \u2013 comentou o senador Gir\u00e3o.<\/p>\n\n\n\n<p>O senador Portinho tamb\u00e9m falou sobre a viagem, deixando claro que eles viajaram com seus pr\u00f3prios recursos e que o documento ser\u00e1 apresentado ao Conselho de Direitos Humanos da ONU, que fica em Genebra, na Su\u00ed\u00e7a.<\/p>\n\n\n\n<p>\u2013 A den\u00fancia trata da situa\u00e7\u00e3o dos presos pol\u00edticos, pessoas que est\u00e3o presas at\u00e9 hoje, idosos, deficientes e jovens que est\u00e3o presos por uma manifesta\u00e7\u00e3o pol\u00edtica; n\u00e3o estamos falando dos v\u00e2ndalos, mas de quem estava se manifestando pelo Brasil e que os advogados n\u00e3o t\u00eam nem acesso ao processo, ou \u00e0 den\u00fancia \u2013 afirmou o senador fluminense.<\/p>\n\n\n\n<p>Ap\u00f3s o encontro com o embaixador Danese, os parlamentares disseram que foram bem recebidos e puderam esclarecer o que tem acontecido no Brasil, em rela\u00e7\u00e3o aos manifestantes presos. O pr\u00f3ximo passo \u00e9 apresentar a den\u00fancia em Genebra e ainda procurar a Comiss\u00e3o de Direitos Humanos da Organiza\u00e7\u00e3o dos Estados Americanos, que pode mediar o caso ou encaminh\u00e1-lo \u00e0 Corte Americana de Direitos Humanos.<\/p>\n\n\n\n<p><strong>Assista:<\/strong><\/p>\n\n\n\n<p><a href=\"https:\/\/www.instagram.com\/p\/Cu9ucJ-JFNU\/?utm_source=ig_embed&amp;ig_rid=f399f912-d8dd-4c26-8191-df93da57f797\">https:\/\/www.instagram.com\/p\/Cu9ucJ-JFNU\/?utm_source=ig_embed&amp;ig_rid=f399f912-d8dd-4c26-8191-df93da57f797<\/a><\/p>\n\n\n\n<p><a href=\"https:\/\/www.instagram.com\/p\/Cu947oepARZ\/?utm_source=ig_embed&amp;ig_rid=6aa0fb52-3131-40e2-a141-f6e6bb89cffb\">https:\/\/www.instagram.com\/p\/Cu947oepARZ\/?utm_source=ig_embed&amp;ig_rid=6aa0fb52-3131-40e2-a141-f6e6bb89cffb<\/a><\/p>\n\n\n\n<p><\/p>\n","protected":false},"excerpt":{"rendered":"<p>Nesta sexta-feira (21), quatro parlamentares brasileiros estiveram em Nova Iorque, nos Estados Unidos, em reuni\u00e3o com o representante permanente do Brasil na ONU, embaixador S\u00e9rgio Fran\u00e7a Danese, para denunciar as pris\u00f5es dos manifestantes que estavam em Bras\u00edlia no dia 8 de janeiro. Os senadores Magno Malta (PL-ES), Eduardo Gir\u00e3o (Novo-CE) e Carlos Portinho (PL-RJ) estavam [&hellip;]<\/p>\n","protected":false},"author":2,"featured_media":16500,"comment_status":"open","ping_status":"open","sticky":false,"template":"","format":"standard","meta":[],"categories":[8],"tags":[],"_links":{"self":[{"href":"https:\/\/dgospel.com.br\/portal\/index.php\/wp-json\/wp\/v2\/posts\/16499"}],"collection":[{"href":"https:\/\/dgospel.com.br\/portal\/index.php\/wp-json\/wp\/v2\/posts"}],"about":[{"href":"https:\/\/dgospel.com.br\/portal\/index.php\/wp-json\/wp\/v2\/types\/post"}],"author":[{"embeddable":true,"href":"https:\/\/dgospel.com.br\/portal\/index.php\/wp-json\/wp\/v2\/users\/2"}],"replies":[{"embeddable":true,"href":"https:\/\/dgospel.com.br\/portal\/index.php\/wp-json\/wp\/v2\/comments?post=16499"}],"version-history":[{"count":1,"href":"https:\/\/dgospel.com.br\/portal\/index.php\/wp-json\/wp\/v2\/posts\/16499\/revisions"}],"predecessor-version":[{"id":16501,"href":"https:\/\/dgospel.com.br\/portal\/index.php\/wp-json\/wp\/v2\/posts\/16499\/revisions\/16501"}],"wp:featuredmedia":[{"embeddable":true,"href":"https:\/\/dgospel.com.br\/portal\/index.php\/wp-json\/wp\/v2\/media\/16500"}],"wp:attachment":[{"href":"https:\/\/dgospel.com.br\/portal\/index.php\/wp-json\/wp\/v2\/media?parent=16499"}],"wp:term":[{"taxonomy":"category","embeddable":true,"href":"https:\/\/dgospel.com.br\/portal\/index.php\/wp-json\/wp\/v2\/categories?post=16499"},{"taxonomy":"post_tag","embeddable":true,"href":"https:\/\/dgospel.com.br\/portal\/index.php\/wp-json\/wp\/v2\/tags?post=16499"}],"curies":[{"name":"wp","href":"https:\/\/api.w.org\/{rel}","templated":true}]}}