{"id":1650,"date":"2018-10-23T13:24:20","date_gmt":"2018-10-23T15:24:20","guid":{"rendered":"http:\/\/dgospel.com.br\/portal\/?p=1650"},"modified":"2018-10-23T13:24:20","modified_gmt":"2018-10-23T15:24:20","slug":"mauro-carlesse-recebe-representante-de-empresa-alema-e-discute-linha-de-credito-para-o-tocantins","status":"publish","type":"post","link":"https:\/\/dgospel.com.br\/portal\/index.php\/2018\/10\/23\/mauro-carlesse-recebe-representante-de-empresa-alema-e-discute-linha-de-credito-para-o-tocantins\/","title":{"rendered":"Mauro Carlesse recebe representante de empresa alem\u00e3 e discute linha de cr\u00e9dito para o Tocantins"},"content":{"rendered":"<p>O novo momento do Tocantins, experimentado a partir da seguran\u00e7a pol\u00edtica, come\u00e7a a despertar interesse da classe empresarial do Brasil e de outros pa\u00edses. Nesta segunda-feira, 22, o governador Mauro Carlesse recebeu, no Pal\u00e1cio Araguaia, o executivo da empresa MLW \u2013 Intermed de Financiamento de Equipamentos Alem\u00e3es para o Brasil, Luiz Sampaio Zacchi. O empres\u00e1rio veio ao Estado oferecer uma linha de cr\u00e9dito do governo alem\u00e3o, para financiamento de equipamentos de alta tecnologia.<\/p>\n<p>Ele explicou que a linha de cr\u00e9dito atende \u00e0s mais diversas \u00e1reas e poder\u00e1 atender as institui\u00e7\u00f5es de todo o Estado a exemplo da \u00e1rea m\u00e9dica para equipar os hospitais e os laborat\u00f3rios de pesquisa da universidade estadual, ci\u00eancia e tecnologia, bem como para implanta\u00e7\u00e3o de escolas t\u00e9cnicas, seguran\u00e7a e combate a inc\u00eandios, entre outras. Para ter acesso \u00e0 linha de cr\u00e9dito, subsidiada pelo governo alem\u00e3o, basta o governo formalizar uma carta de inten\u00e7\u00f5es e de coopera\u00e7\u00e3o entre o Estado do Tocantins e o Governo da Alemanha e, posteriormente, conseguir o aval do Senado para selar o acordo bilateral entre os dois pa\u00edses.<\/p>\n<p><strong>Fieto<\/strong><\/p>\n<p>Ainda na tarde desta segunda-feira, o governador recebeu o presidente da Federa\u00e7\u00e3o das Ind\u00fastrias do Estado do Tocantins (Fieto), Roberto Pires. Essa foi a primeira visita institucional do dirigente do segmento industrial do Estado ao governador Mauro Carlesse, ap\u00f3s a sua reelei\u00e7\u00e3o, e segundo Roberto Pires, teve como objetivo desejar sorte na condu\u00e7\u00e3o dos destinos do Tocantins. \u201cAcreditamos muito na capacidade do governador de resolver os problemas, ele \u00e9 um empres\u00e1rio e \u00e9 desse perfil que estamos precisando neste momento, uma din\u00e2mica diferente com rela\u00e7\u00e3o a diversos temas\u201d.<\/p>\n<p>Na oportunidade, o dirigente da Fieto convidou Mauro Carlesse para prestigiar o Semin\u00e1rio da Ind\u00fastria, que ser\u00e1 realizado no dia 22 de novembro, em Palmas. O evento vai contar com a participa\u00e7\u00e3o do jornalista William Waack, que far\u00e1 palestra sobre o momento p\u00f3s-elei\u00e7\u00e3o no Brasil. Na ocasi\u00e3o, ser\u00e3o entregues estudos sobre mais tr\u00eas cadeias produtivas no Estado, que conta com apoio do Governo do Estado.<\/p>\n","protected":false},"excerpt":{"rendered":"<p>O novo momento do Tocantins, experimentado a partir da seguran\u00e7a pol\u00edtica, come\u00e7a a despertar interesse da classe empresarial do Brasil e de outros pa\u00edses. Nesta segunda-feira, 22, o governador Mauro Carlesse recebeu, no Pal\u00e1cio Araguaia, o executivo da empresa MLW \u2013 Intermed de Financiamento de Equipamentos Alem\u00e3es para o Brasil, Luiz Sampaio Zacchi. O empres\u00e1rio [&hellip;]<\/p>\n","protected":false},"author":2,"featured_media":1652,"comment_status":"open","ping_status":"open","sticky":false,"template":"","format":"standard","meta":[],"categories":[2,3],"tags":[],"_links":{"self":[{"href":"https:\/\/dgospel.com.br\/portal\/index.php\/wp-json\/wp\/v2\/posts\/1650"}],"collection":[{"href":"https:\/\/dgospel.com.br\/portal\/index.php\/wp-json\/wp\/v2\/posts"}],"about":[{"href":"https:\/\/dgospel.com.br\/portal\/index.php\/wp-json\/wp\/v2\/types\/post"}],"author":[{"embeddable":true,"href":"https:\/\/dgospel.com.br\/portal\/index.php\/wp-json\/wp\/v2\/users\/2"}],"replies":[{"embeddable":true,"href":"https:\/\/dgospel.com.br\/portal\/index.php\/wp-json\/wp\/v2\/comments?post=1650"}],"version-history":[{"count":1,"href":"https:\/\/dgospel.com.br\/portal\/index.php\/wp-json\/wp\/v2\/posts\/1650\/revisions"}],"predecessor-version":[{"id":1653,"href":"https:\/\/dgospel.com.br\/portal\/index.php\/wp-json\/wp\/v2\/posts\/1650\/revisions\/1653"}],"wp:featuredmedia":[{"embeddable":true,"href":"https:\/\/dgospel.com.br\/portal\/index.php\/wp-json\/wp\/v2\/media\/1652"}],"wp:attachment":[{"href":"https:\/\/dgospel.com.br\/portal\/index.php\/wp-json\/wp\/v2\/media?parent=1650"}],"wp:term":[{"taxonomy":"category","embeddable":true,"href":"https:\/\/dgospel.com.br\/portal\/index.php\/wp-json\/wp\/v2\/categories?post=1650"},{"taxonomy":"post_tag","embeddable":true,"href":"https:\/\/dgospel.com.br\/portal\/index.php\/wp-json\/wp\/v2\/tags?post=1650"}],"curies":[{"name":"wp","href":"https:\/\/api.w.org\/{rel}","templated":true}]}}