{"id":16502,"date":"2023-07-22T10:51:49","date_gmt":"2023-07-22T13:51:49","guid":{"rendered":"http:\/\/dgospel.com.br\/portal\/?p=16502"},"modified":"2023-07-22T10:51:50","modified_gmt":"2023-07-22T13:51:50","slug":"governo-lula-tenta-se-aproximar-de-parlamentares-evangelicos","status":"publish","type":"post","link":"https:\/\/dgospel.com.br\/portal\/index.php\/2023\/07\/22\/governo-lula-tenta-se-aproximar-de-parlamentares-evangelicos\/","title":{"rendered":"Governo Lula tenta se aproximar de parlamentares evang\u00e9licos"},"content":{"rendered":"\n<p>Em busca de apoio dos parlamentares evang\u00e9licos, o governo Lula est\u00e1 buscando evitar pautas como aborto, drogas e costumes. A sinaliza\u00e7\u00e3o tem sido dada aos l\u00edderes dos grupos religiosos, como o coordenador da bancada evang\u00e9lica no Senado, Carlos Viana (PSD-MG), que, segundo disse ao Estad\u00e3o, considera o gesto um sinal de pacifica\u00e7\u00e3o e respeito. Ele critica, no entanto, uma poss\u00edvel participa\u00e7\u00e3o do ex-deputado Jean Wyllys no governo.<\/p>\n\n\n\n<p>\u2013 Desde que nossas pautas n\u00e3o sejam afetadas, o governo ter\u00e1 o nosso apoio em todas as mat\u00e9rias que forem importantes para o Brasil \u2013 afirmou Viana.<\/p>\n\n\n\n<p>O senador, contudo, v\u00ea problemas na suposta indica\u00e7\u00e3o do ex-deputado Jean Wyllys, que ele considera um personagem muito pol\u00eamico, para uma fun\u00e7\u00e3o na Secretaria de Comunica\u00e7\u00e3o (Secom). Ele afirma que se Wyllys insistir em assuntos que n\u00e3o contam com o apoio dos parlamentares evang\u00e9licos, haver\u00e1 rea\u00e7\u00e3o.<\/p>\n\n\n\n<p>\u2013 Se ele trouxer novamente os assuntos que durante o governo de Dilma Rousseff levaram a um embate e at\u00e9 mesmo a um levante na pol\u00edtica brasileira, naturalmente vamos nos manifestar contr\u00e1rios por que entendemos que ele n\u00e3o tem respeito pelos crist\u00e3os em nosso Brasil \u2013 garantiu.<\/p>\n\n\n\n<p>Desde a posse de Lula, integrantes da gest\u00e3o petista t\u00eam buscado caminhos que resultem num di\u00e1logo. Pelo lado do governo, esse di\u00e1logo tem sido liderado, entre outros, pelos ministros da Advocacia Geral da Uni\u00e3o (AGU), Jorge Messias; das Rela\u00e7\u00f5es Institucionais, Alexandre Padilha, e da Secom, Paulo Pimenta que, apresentou aos demais ministros \u2013 Messias n\u00e3o conseguiu estar presente \u2013 uma pesquisa sobre a influ\u00eancia das igrejas evang\u00e9licas no voto dos fi\u00e9is.<\/p>\n\n\n\n<p>O governo quer tamb\u00e9m identificar os parlamentares e as igrejas abertas \u00e0 conversa. No PL, por exemplo, a receptividade a essa abertura \u00e9 pequena. O atual coordenador da bancada evang\u00e9lica na C\u00e2mara, Eli Borges (PL-TO) tem mantido uma posi\u00e7\u00e3o firme contra uma poss\u00edvel aproxima\u00e7\u00e3o do governo que tem uma ideologia contra os princ\u00edpios crist\u00e3os. Entretanto, seu sucessor j\u00e1 escolhido, Silas C\u00e2mara (PSD-AM), pastor evang\u00e9lico da Assembleia de Deus, j\u00e1 se mostrou disposto a acolher conversas com o governo esquerdista.<\/p>\n\n\n\n<p>O deputado Cezinha de Madureira (PSD-SP), tamb\u00e9m pastor da Assembleia de Deus, avaliou que o di\u00e1logo tem avan\u00e7ado por que o governo identificou que o Congresso \u00e9 conservador e \u201cinteligentemente\u201d focou nas bancadas evang\u00e9licas.<\/p>\n\n\n\n<p>\u2013 N\u00e3o sendo a pauta ideol\u00f3gica, n\u00f3s estamos abertos para atender e sabemos que temos a responsabilidade de construir e dialogar \u2013 disse Madureira.<\/p>\n\n\n\n<p>Questionado se a posi\u00e7\u00e3o de parlamentares como Borges, contra o di\u00e1logo, n\u00e3o poderia atrapalhar, ele respondeu que \u201cestar contra n\u00e3o descredencia ningu\u00e9m\u201d.<\/p>\n\n\n\n<p>\u2013 O deputado Eli Borges \u00e9 um grande l\u00edder da minha igreja e sua opini\u00e3o deve ser respeitada \u2013 observou.<\/p>\n","protected":false},"excerpt":{"rendered":"<p>Em busca de apoio dos parlamentares evang\u00e9licos, o governo Lula est\u00e1 buscando evitar pautas como aborto, drogas e costumes. A sinaliza\u00e7\u00e3o tem sido dada aos l\u00edderes dos grupos religiosos, como o coordenador da bancada evang\u00e9lica no Senado, Carlos Viana (PSD-MG), que, segundo disse ao Estad\u00e3o, considera o gesto um sinal de pacifica\u00e7\u00e3o e respeito. Ele [&hellip;]<\/p>\n","protected":false},"author":2,"featured_media":16503,"comment_status":"open","ping_status":"open","sticky":false,"template":"","format":"standard","meta":[],"categories":[4],"tags":[],"_links":{"self":[{"href":"https:\/\/dgospel.com.br\/portal\/index.php\/wp-json\/wp\/v2\/posts\/16502"}],"collection":[{"href":"https:\/\/dgospel.com.br\/portal\/index.php\/wp-json\/wp\/v2\/posts"}],"about":[{"href":"https:\/\/dgospel.com.br\/portal\/index.php\/wp-json\/wp\/v2\/types\/post"}],"author":[{"embeddable":true,"href":"https:\/\/dgospel.com.br\/portal\/index.php\/wp-json\/wp\/v2\/users\/2"}],"replies":[{"embeddable":true,"href":"https:\/\/dgospel.com.br\/portal\/index.php\/wp-json\/wp\/v2\/comments?post=16502"}],"version-history":[{"count":1,"href":"https:\/\/dgospel.com.br\/portal\/index.php\/wp-json\/wp\/v2\/posts\/16502\/revisions"}],"predecessor-version":[{"id":16504,"href":"https:\/\/dgospel.com.br\/portal\/index.php\/wp-json\/wp\/v2\/posts\/16502\/revisions\/16504"}],"wp:featuredmedia":[{"embeddable":true,"href":"https:\/\/dgospel.com.br\/portal\/index.php\/wp-json\/wp\/v2\/media\/16503"}],"wp:attachment":[{"href":"https:\/\/dgospel.com.br\/portal\/index.php\/wp-json\/wp\/v2\/media?parent=16502"}],"wp:term":[{"taxonomy":"category","embeddable":true,"href":"https:\/\/dgospel.com.br\/portal\/index.php\/wp-json\/wp\/v2\/categories?post=16502"},{"taxonomy":"post_tag","embeddable":true,"href":"https:\/\/dgospel.com.br\/portal\/index.php\/wp-json\/wp\/v2\/tags?post=16502"}],"curies":[{"name":"wp","href":"https:\/\/api.w.org\/{rel}","templated":true}]}}