{"id":16505,"date":"2023-07-22T11:01:27","date_gmt":"2023-07-22T14:01:27","guid":{"rendered":"http:\/\/dgospel.com.br\/portal\/?p=16505"},"modified":"2023-07-22T11:01:28","modified_gmt":"2023-07-22T14:01:28","slug":"foro-de-curitiba-movimento-conservador-ultrapassou-100-mil-assinaturas-em-poucos-dias-de-criacao","status":"publish","type":"post","link":"https:\/\/dgospel.com.br\/portal\/index.php\/2023\/07\/22\/foro-de-curitiba-movimento-conservador-ultrapassou-100-mil-assinaturas-em-poucos-dias-de-criacao\/","title":{"rendered":"Foro de Curitiba: Movimento conservador ultrapassou 100 mil assinaturas em poucos dias de cria\u00e7\u00e3o"},"content":{"rendered":"\n<p>Em menos de tr\u00eas semanas desde sua cria\u00e7\u00e3o, o Foro de Curitiba j\u00e1 conseguiu acumular mais de 100 mil assinaturas, ganhando r\u00e1pido \u00edmpeto entre os conservadores preocupados com o rumo pol\u00edtico do Brasil. O evento inaugural est\u00e1 marcado para 25 de agosto na capital paranaense e contar\u00e1 com a presen\u00e7a de grandes figuras da direita brasileira, incluindo o senador Fl\u00e1vio Bolsonaro, o movimento j\u00e1 tem demonstrado seu poder de mobiliza\u00e7\u00e3o nas redes sociais.<\/p>\n\n\n\n<p><a href=\"https:\/\/www.assembleia.pr.leg.br\/assembleia-itinerante\/sugestao-de-melhorias-para-sua-cidade\" target=\"_blank\" rel=\"noreferrer noopener\"><\/a><\/p>\n\n\n\n<p>Impulsionando a coleta de assinaturas para apoiar o Projeto de Lei 141\/2023, proposto pelo deputado conservador Bibo Nunes (PL-RS), que busca a redu\u00e7\u00e3o da inelegibilidade do ex-presidente Jair Messias Bolsonaro, o Foro pretende reunir 3 milh\u00f5es de assinaturas. Sua base de apoiadores, que inclui m\u00e9dicos, juristas, empres\u00e1rios e jornalistas, se une na defesa dos direitos pol\u00edticos de Bolsonaro, presidente de honra do Partido Liberal.<\/p>\n\n\n\n<p>Esta mobiliza\u00e7\u00e3o busca tamb\u00e9m reunir a direita brasileira em torno do legado de patriotismo deixado por Bolsonaro e reiterar o direito inalien\u00e1vel \u00e0 liberdade dos cidad\u00e3os. Os princ\u00edpios do Foro de Curitiba s\u00e3o ancorados em valores \u00e9ticos, morais e crist\u00e3os.<\/p>\n\n\n\n<p>Originado na cidade conhecida por sediar a maior opera\u00e7\u00e3o anticorrup\u00e7\u00e3o do Brasil, a Lava Jato \u2013 onde o atual presidente Luiz In\u00e1cio Lula da Silva foi preso por 580 dias na Superintend\u00eancia da Pol\u00edcia Federal e que foi chamada pelo Ministro Gilmar Mendes de \u2018germe do fascismo\u2019 \u2013 o Foro de Curitiba representa uma contraofensiva \u00e0 crescente influ\u00eancia da esquerda. Assim, com um crescente alcance nas redes sociais, o Foro se firma como uma manifesta\u00e7\u00e3o de consci\u00eancia coletiva pelo equil\u00edbrio pol\u00edtico no pa\u00eds.<\/p>\n","protected":false},"excerpt":{"rendered":"<p>Em menos de tr\u00eas semanas desde sua cria\u00e7\u00e3o, o Foro de Curitiba j\u00e1 conseguiu acumular mais de 100 mil assinaturas, ganhando r\u00e1pido \u00edmpeto entre os conservadores preocupados com o rumo pol\u00edtico do Brasil. O evento inaugural est\u00e1 marcado para 25 de agosto na capital paranaense e contar\u00e1 com a presen\u00e7a de grandes figuras da direita [&hellip;]<\/p>\n","protected":false},"author":2,"featured_media":16506,"comment_status":"open","ping_status":"open","sticky":false,"template":"","format":"standard","meta":[],"categories":[10],"tags":[],"_links":{"self":[{"href":"https:\/\/dgospel.com.br\/portal\/index.php\/wp-json\/wp\/v2\/posts\/16505"}],"collection":[{"href":"https:\/\/dgospel.com.br\/portal\/index.php\/wp-json\/wp\/v2\/posts"}],"about":[{"href":"https:\/\/dgospel.com.br\/portal\/index.php\/wp-json\/wp\/v2\/types\/post"}],"author":[{"embeddable":true,"href":"https:\/\/dgospel.com.br\/portal\/index.php\/wp-json\/wp\/v2\/users\/2"}],"replies":[{"embeddable":true,"href":"https:\/\/dgospel.com.br\/portal\/index.php\/wp-json\/wp\/v2\/comments?post=16505"}],"version-history":[{"count":1,"href":"https:\/\/dgospel.com.br\/portal\/index.php\/wp-json\/wp\/v2\/posts\/16505\/revisions"}],"predecessor-version":[{"id":16507,"href":"https:\/\/dgospel.com.br\/portal\/index.php\/wp-json\/wp\/v2\/posts\/16505\/revisions\/16507"}],"wp:featuredmedia":[{"embeddable":true,"href":"https:\/\/dgospel.com.br\/portal\/index.php\/wp-json\/wp\/v2\/media\/16506"}],"wp:attachment":[{"href":"https:\/\/dgospel.com.br\/portal\/index.php\/wp-json\/wp\/v2\/media?parent=16505"}],"wp:term":[{"taxonomy":"category","embeddable":true,"href":"https:\/\/dgospel.com.br\/portal\/index.php\/wp-json\/wp\/v2\/categories?post=16505"},{"taxonomy":"post_tag","embeddable":true,"href":"https:\/\/dgospel.com.br\/portal\/index.php\/wp-json\/wp\/v2\/tags?post=16505"}],"curies":[{"name":"wp","href":"https:\/\/api.w.org\/{rel}","templated":true}]}}