{"id":16508,"date":"2023-07-22T11:07:30","date_gmt":"2023-07-22T14:07:30","guid":{"rendered":"http:\/\/dgospel.com.br\/portal\/?p=16508"},"modified":"2023-07-22T11:07:31","modified_gmt":"2023-07-22T14:07:31","slug":"parlamento-de-israel-aprova-reducao-dos-poderes-da-suprema-corte","status":"publish","type":"post","link":"https:\/\/dgospel.com.br\/portal\/index.php\/2023\/07\/22\/parlamento-de-israel-aprova-reducao-dos-poderes-da-suprema-corte\/","title":{"rendered":"Parlamento de Israel aprova redu\u00e7\u00e3o dos poderes da Suprema Corte"},"content":{"rendered":"\n<p>Em Israel, a Comiss\u00e3o de Constitui\u00e7\u00e3o, Legisla\u00e7\u00e3o e Justi\u00e7a do Knesset, parlamento israelense, aprovou nesta quinta-feira (20) um projeto de lei que limitar\u00e1 a capacidade da Suprema Corte de revogar decis\u00f5es governamentais.<\/p>\n\n\n\n<p><a href=\"https:\/\/www.assembleia.pr.leg.br\/assembleia-itinerante\/sugestao-de-melhorias-para-sua-cidade\" target=\"_blank\" rel=\"noreferrer noopener\"><\/a><\/p>\n\n\n\n<p>A proposta passou na comiss\u00e3o por um estreito voto de 9 a 7, agora est\u00e1 a caminho do plen\u00e1rio do Knesset. A medida, que beneficia o atual governo liderado pelo primeiro-ministro Benjamin Netanyahu, foi discutida por ele em um discurso proferido nesta quinta-feira (20).<\/p>\n","protected":false},"excerpt":{"rendered":"<p>Em Israel, a Comiss\u00e3o de Constitui\u00e7\u00e3o, Legisla\u00e7\u00e3o e Justi\u00e7a do Knesset, parlamento israelense, aprovou nesta quinta-feira (20) um projeto de lei que limitar\u00e1 a capacidade da Suprema Corte de revogar decis\u00f5es governamentais. A proposta passou na comiss\u00e3o por um estreito voto de 9 a 7, agora est\u00e1 a caminho do plen\u00e1rio do Knesset. A medida, [&hellip;]<\/p>\n","protected":false},"author":2,"featured_media":16509,"comment_status":"open","ping_status":"open","sticky":false,"template":"","format":"standard","meta":[],"categories":[16],"tags":[],"_links":{"self":[{"href":"https:\/\/dgospel.com.br\/portal\/index.php\/wp-json\/wp\/v2\/posts\/16508"}],"collection":[{"href":"https:\/\/dgospel.com.br\/portal\/index.php\/wp-json\/wp\/v2\/posts"}],"about":[{"href":"https:\/\/dgospel.com.br\/portal\/index.php\/wp-json\/wp\/v2\/types\/post"}],"author":[{"embeddable":true,"href":"https:\/\/dgospel.com.br\/portal\/index.php\/wp-json\/wp\/v2\/users\/2"}],"replies":[{"embeddable":true,"href":"https:\/\/dgospel.com.br\/portal\/index.php\/wp-json\/wp\/v2\/comments?post=16508"}],"version-history":[{"count":1,"href":"https:\/\/dgospel.com.br\/portal\/index.php\/wp-json\/wp\/v2\/posts\/16508\/revisions"}],"predecessor-version":[{"id":16510,"href":"https:\/\/dgospel.com.br\/portal\/index.php\/wp-json\/wp\/v2\/posts\/16508\/revisions\/16510"}],"wp:featuredmedia":[{"embeddable":true,"href":"https:\/\/dgospel.com.br\/portal\/index.php\/wp-json\/wp\/v2\/media\/16509"}],"wp:attachment":[{"href":"https:\/\/dgospel.com.br\/portal\/index.php\/wp-json\/wp\/v2\/media?parent=16508"}],"wp:term":[{"taxonomy":"category","embeddable":true,"href":"https:\/\/dgospel.com.br\/portal\/index.php\/wp-json\/wp\/v2\/categories?post=16508"},{"taxonomy":"post_tag","embeddable":true,"href":"https:\/\/dgospel.com.br\/portal\/index.php\/wp-json\/wp\/v2\/tags?post=16508"}],"curies":[{"name":"wp","href":"https:\/\/api.w.org\/{rel}","templated":true}]}}