{"id":16511,"date":"2023-07-22T11:11:19","date_gmt":"2023-07-22T14:11:19","guid":{"rendered":"http:\/\/dgospel.com.br\/portal\/?p=16511"},"modified":"2023-07-22T11:11:20","modified_gmt":"2023-07-22T14:11:20","slug":"marcos-do-val-admite-ter-feito-acusacoes-infundadas-contra-bolsonaro","status":"publish","type":"post","link":"https:\/\/dgospel.com.br\/portal\/index.php\/2023\/07\/22\/marcos-do-val-admite-ter-feito-acusacoes-infundadas-contra-bolsonaro\/","title":{"rendered":"Marcos do Val admite ter feito acusa\u00e7\u00f5es infundadas contra Bolsonaro"},"content":{"rendered":"\n<p>No seu depoimento \u00e0 Pol\u00edcia Federal na quarta-feira (19), o senador Marcos Do Val (Podemos-ES) confessou que realizou \u201calega\u00e7\u00f5es infundadas\u201d sobre o ex-presidente Jair Bolsonaro. Do Val havia afirmado anteriormente que Bolsonaro estava planejando um \u2018golpe de Estado\u2019, uma alega\u00e7\u00e3o que ele agora admite ter sido precipitada.<\/p>\n\n\n\n<p><a href=\"https:\/\/www.assembleia.pr.leg.br\/assembleia-itinerante\/sugestao-de-melhorias-para-sua-cidade\" target=\"_blank\" rel=\"noreferrer noopener\"><\/a><\/p>\n\n\n\n<p>O parlamentar, atualmente sob investiga\u00e7\u00e3o por seu envolvimento e constantes mudan\u00e7as de relato sobre o suposto plano, disse que a emo\u00e7\u00e3o o levou a fazer essas acusa\u00e7\u00f5es. \u201cAs amea\u00e7as enfrentadas por sua filha foram o \u2018gatilho\u2019 para as primeiras declara\u00e7\u00f5es feitas \u00e0 revista Veja, onde afirmou que o ex-presidente estava envolvido em um compl\u00f4 golpista\u201d, menciona o registro oficial do depoimento.<\/p>\n\n\n\n<p>Ele acrescentou, \u201ctendo percebido que tinha feito essas acusa\u00e7\u00f5es infundadas num momento de raiva, ele decidiu retrat\u00e1-las em diversas ocasi\u00f5es subsequentes, em diferentes meios de comunica\u00e7\u00e3o\u201d.<\/p>\n","protected":false},"excerpt":{"rendered":"<p>No seu depoimento \u00e0 Pol\u00edcia Federal na quarta-feira (19), o senador Marcos Do Val (Podemos-ES) confessou que realizou \u201calega\u00e7\u00f5es infundadas\u201d sobre o ex-presidente Jair Bolsonaro. Do Val havia afirmado anteriormente que Bolsonaro estava planejando um \u2018golpe de Estado\u2019, uma alega\u00e7\u00e3o que ele agora admite ter sido precipitada. O parlamentar, atualmente sob investiga\u00e7\u00e3o por seu envolvimento [&hellip;]<\/p>\n","protected":false},"author":2,"featured_media":16512,"comment_status":"open","ping_status":"open","sticky":false,"template":"","format":"standard","meta":[],"categories":[4],"tags":[],"_links":{"self":[{"href":"https:\/\/dgospel.com.br\/portal\/index.php\/wp-json\/wp\/v2\/posts\/16511"}],"collection":[{"href":"https:\/\/dgospel.com.br\/portal\/index.php\/wp-json\/wp\/v2\/posts"}],"about":[{"href":"https:\/\/dgospel.com.br\/portal\/index.php\/wp-json\/wp\/v2\/types\/post"}],"author":[{"embeddable":true,"href":"https:\/\/dgospel.com.br\/portal\/index.php\/wp-json\/wp\/v2\/users\/2"}],"replies":[{"embeddable":true,"href":"https:\/\/dgospel.com.br\/portal\/index.php\/wp-json\/wp\/v2\/comments?post=16511"}],"version-history":[{"count":1,"href":"https:\/\/dgospel.com.br\/portal\/index.php\/wp-json\/wp\/v2\/posts\/16511\/revisions"}],"predecessor-version":[{"id":16513,"href":"https:\/\/dgospel.com.br\/portal\/index.php\/wp-json\/wp\/v2\/posts\/16511\/revisions\/16513"}],"wp:featuredmedia":[{"embeddable":true,"href":"https:\/\/dgospel.com.br\/portal\/index.php\/wp-json\/wp\/v2\/media\/16512"}],"wp:attachment":[{"href":"https:\/\/dgospel.com.br\/portal\/index.php\/wp-json\/wp\/v2\/media?parent=16511"}],"wp:term":[{"taxonomy":"category","embeddable":true,"href":"https:\/\/dgospel.com.br\/portal\/index.php\/wp-json\/wp\/v2\/categories?post=16511"},{"taxonomy":"post_tag","embeddable":true,"href":"https:\/\/dgospel.com.br\/portal\/index.php\/wp-json\/wp\/v2\/tags?post=16511"}],"curies":[{"name":"wp","href":"https:\/\/api.w.org\/{rel}","templated":true}]}}