{"id":16514,"date":"2023-07-22T11:17:03","date_gmt":"2023-07-22T14:17:03","guid":{"rendered":"http:\/\/dgospel.com.br\/portal\/?p=16514"},"modified":"2023-07-22T11:17:04","modified_gmt":"2023-07-22T14:17:04","slug":"lider-do-mst-alocado-no-governo-e-acusado-de-violencia-extrema","status":"publish","type":"post","link":"https:\/\/dgospel.com.br\/portal\/index.php\/2023\/07\/22\/lider-do-mst-alocado-no-governo-e-acusado-de-violencia-extrema\/","title":{"rendered":"L\u00edder do MST alocado no governo \u00e9 acusado de \u201cviol\u00eancia extrema\u201d"},"content":{"rendered":"\n<p>O governo Lula empregou Jos\u00e9 Valdir Misnerovicz, mais conhecido como Valdir do MST, no Minist\u00e9rio do Desenvolvimento Agr\u00e1rio em Goi\u00e1s, ocupando a posi\u00e7\u00e3o de coordenador, cargo este cedido a ele pelo presidente Lula em junho passado.<\/p>\n\n\n\n<p>No entanto, sua trajet\u00f3ria \u00e9 marcada por acusa\u00e7\u00f5es graves, incluindo agress\u00f5es, amea\u00e7as e at\u00e9 mesmo um caso de sequestro, ocorridos durante seu per\u00edodo como membro do Movimento dos Trabalhadores Rurais Sem Terra (MST).<\/p>\n\n\n\n<p>De acordo com a revista Veja, Misnerovicz liderou invas\u00f5es violentas a fazendas em Goi\u00e1s, resultando em sua pris\u00e3o por cinco meses em 2016. Ele \u00e9 acusado, por exemplo, de torturar funcion\u00e1rios de uma fazenda em Santa Helena de Goi\u00e1s. Durante essa invas\u00e3o, relatos de trabalhadores apontam que o coordenador ordenou que os donos abandonassem a fazenda, amea\u00e7ando incendiar a sede.<\/p>\n\n\n\n<p>Em um incidente anterior, datado de 2001, um membro do MST se recusou a seguir as ordens do ent\u00e3o l\u00edder Valdir, resultando na derrubada da casa do rapaz, denunciante do caso \u00e0 Pol\u00edcia Federal. Al\u00e9m disso, sua esposa foi agredida e sua filha, com apenas um ano de idade, foi sequestrada. A v\u00edtima foi for\u00e7ada a abandonar o acampamento onde morava e, como pagamento pelo resgate de sua filha, teve um dedo decepado, como relatado pela Veja.<\/p>\n\n\n\n<p>Em 2018, Valdir foi condenado a seis anos de pris\u00e3o por organiza\u00e7\u00e3o e esbulho, mas a primeira acusa\u00e7\u00e3o foi anulada, e ele aguarda decis\u00e3o sobre a segunda acusa\u00e7\u00e3o.<\/p>\n\n\n\n<p>Em resposta \u00e0s acusa\u00e7\u00f5es, o ex-l\u00edder dos sem-terra negou qualquer envolvimento nos eventos mencionados, afirmando que, na \u00e9poca, j\u00e1 havia uma estrat\u00e9gia da direita para criminalizar a luta social.<\/p>\n","protected":false},"excerpt":{"rendered":"<p>O governo Lula empregou Jos\u00e9 Valdir Misnerovicz, mais conhecido como Valdir do MST, no Minist\u00e9rio do Desenvolvimento Agr\u00e1rio em Goi\u00e1s, ocupando a posi\u00e7\u00e3o de coordenador, cargo este cedido a ele pelo presidente Lula em junho passado. No entanto, sua trajet\u00f3ria \u00e9 marcada por acusa\u00e7\u00f5es graves, incluindo agress\u00f5es, amea\u00e7as e at\u00e9 mesmo um caso de sequestro, [&hellip;]<\/p>\n","protected":false},"author":2,"featured_media":16515,"comment_status":"open","ping_status":"open","sticky":false,"template":"","format":"standard","meta":[],"categories":[10],"tags":[],"_links":{"self":[{"href":"https:\/\/dgospel.com.br\/portal\/index.php\/wp-json\/wp\/v2\/posts\/16514"}],"collection":[{"href":"https:\/\/dgospel.com.br\/portal\/index.php\/wp-json\/wp\/v2\/posts"}],"about":[{"href":"https:\/\/dgospel.com.br\/portal\/index.php\/wp-json\/wp\/v2\/types\/post"}],"author":[{"embeddable":true,"href":"https:\/\/dgospel.com.br\/portal\/index.php\/wp-json\/wp\/v2\/users\/2"}],"replies":[{"embeddable":true,"href":"https:\/\/dgospel.com.br\/portal\/index.php\/wp-json\/wp\/v2\/comments?post=16514"}],"version-history":[{"count":1,"href":"https:\/\/dgospel.com.br\/portal\/index.php\/wp-json\/wp\/v2\/posts\/16514\/revisions"}],"predecessor-version":[{"id":16516,"href":"https:\/\/dgospel.com.br\/portal\/index.php\/wp-json\/wp\/v2\/posts\/16514\/revisions\/16516"}],"wp:featuredmedia":[{"embeddable":true,"href":"https:\/\/dgospel.com.br\/portal\/index.php\/wp-json\/wp\/v2\/media\/16515"}],"wp:attachment":[{"href":"https:\/\/dgospel.com.br\/portal\/index.php\/wp-json\/wp\/v2\/media?parent=16514"}],"wp:term":[{"taxonomy":"category","embeddable":true,"href":"https:\/\/dgospel.com.br\/portal\/index.php\/wp-json\/wp\/v2\/categories?post=16514"},{"taxonomy":"post_tag","embeddable":true,"href":"https:\/\/dgospel.com.br\/portal\/index.php\/wp-json\/wp\/v2\/tags?post=16514"}],"curies":[{"name":"wp","href":"https:\/\/api.w.org\/{rel}","templated":true}]}}