{"id":16520,"date":"2023-07-22T11:36:49","date_gmt":"2023-07-22T14:36:49","guid":{"rendered":"http:\/\/dgospel.com.br\/portal\/?p=16520"},"modified":"2023-07-22T11:36:51","modified_gmt":"2023-07-22T14:36:51","slug":"wanderlei-barbosa-assina-convenio-com-o-governo-federal-de-r-35-milhoes-destinados-ao-setor-de-seguranca-publica-do-tocantins","status":"publish","type":"post","link":"https:\/\/dgospel.com.br\/portal\/index.php\/2023\/07\/22\/wanderlei-barbosa-assina-convenio-com-o-governo-federal-de-r-35-milhoes-destinados-ao-setor-de-seguranca-publica-do-tocantins\/","title":{"rendered":"Wanderlei Barbosa assina conv\u00eanio com o Governo Federal de R$ 35 milh\u00f5es destinados ao setor de Seguran\u00e7a P\u00fablica do Tocantins"},"content":{"rendered":"\n<p>O governador Wanderlei Barbosa assinou nesta sexta-feira, 21, em Bras\u00edlia-DF, um conv\u00eanio com o Governo Federal para receber R$ 35 milh\u00f5es destinados ao setor de Seguran\u00e7a P\u00fablica do Tocantins. \u00a0A cerim\u00f4nia contou com a presen\u00e7a do presidente da Rep\u00fablica, Luiz In\u00e1cio Lula da Silva e do ministro da Justi\u00e7a e Seguran\u00e7a P\u00fablica, Fl\u00e1vio Dino. A iniciativa engloba medidas para combater o tr\u00e1fico de drogas, viol\u00eancia nas escolas, crimes ambientais e viol\u00eancia contra mulher, entre outros. Os recursos s\u00e3o provenientes do Fundo Nacional de Seguran\u00e7a P\u00fablica e ser\u00e3o recebidos de forma parcelada agosto e dezembro deste ano.<br><br>Representando o Cons\u00f3rcio da Amaz\u00f4nia Legal, o governador do Tocantins, Wanderlei Barbosa, discursou na cerim\u00f4nia, elogiando a iniciativa e ressaltando a import\u00e2ncia da integra\u00e7\u00e3o das for\u00e7as de seguran\u00e7a p\u00fablica, tanto em n\u00edvel estadual quanto federal.\u00a0<br><br>\u201cManifesto aqui minha alegria de estarmos nesse ambiente discutindo a seguran\u00e7a p\u00fablica do pa\u00eds, e a import\u00e2ncia da conex\u00e3o das nossas for\u00e7as de seguran\u00e7a, um exerc\u00edcio que realizamos no meu Estado, ao trabalhar conectados com outros governadores. Se n\u00f3s aparelharmos as nossas for\u00e7as, valorizarmos os homens e mulheres que atuam nessa miss\u00e3o e desenvolvermos a consci\u00eancia social que precisamos, seguramente n\u00f3s vamos ter um Brasil melhor\u201d, enfatizou o governador.<br><br>O presidente Luiz In\u00e1cio Lula da Silva, afirmou que a cerim\u00f4nia de hoje \u00e9 mais uma iniciativa de fortalecimento da harmonia entre os diferentes n\u00edveis de governo, incluindo as esferas federal, estadual e municipal, para a constru\u00e7\u00e3o de pol\u00edticas p\u00fablicas eficientes. \u201cO que n\u00f3s estamos trazendo para o governo federal \u00e9 a responsabilidade pela seguran\u00e7a p\u00fablica deste pa\u00eds. Trabalhando junto com os estados e munic\u00edpios. Queremos ser parceiros e contribuir para que tanto nas cidades como na Amaz\u00f4nia, a gente diminua a viol\u00eancia neste pa\u00eds &#8220;, esclarece o presidente.<br><br>O secret\u00e1rio de Seguran\u00e7a P\u00fablica do Tocantins, \u00a0Wlademir Mota Oliveira, que tamb\u00e9m participou da cerim\u00f4nia, destacou que \u00e9 fundamental fortalecer a coopera\u00e7\u00e3o entre Uni\u00e3o, Estados e Munic\u00edpios. \u201cCom este lan\u00e7amento e com este apoio do governo federal, certamente o Tocantins ir\u00e1 refor\u00e7ar cada vez mais os compromissos e a execu\u00e7\u00e3o de atividades da seguran\u00e7a p\u00fablica. A expectativa \u00e9 que essa iniciativa contribua para uma maior prote\u00e7\u00e3o e bem-estar da sociedade tocantinense\u201d, disse o secret\u00e1rio. \u00a0<br><br>O governador Wanderlei Barbosa destacou ainda que as pol\u00edticas de seguran\u00e7a p\u00fablica do Tocantins olham para a sociedade de forma igualit\u00e1ria. \u201cEu tenho visto o esfor\u00e7o do governo do presidente Lula para que o Brasil siga por caminhos de paz. Trabalho diariamente para manter o Tocantins nos trilhos da coer\u00eancia. N\u00f3s sabemos que o nosso estado ainda enfrenta desafios sociais, mas temos tamb\u00e9m um estado que cresce, que tem um agroneg\u00f3cio forte, um turismo forte e que precisa de uma seguran\u00e7a p\u00fablica forte. \u00c9 dessa maneira que n\u00f3s estamos trabalhando a cada dia\u201d, afirmou.<\/p>\n\n\n\n<p><img src=\"https:\/\/central.to.gov.br\/image\/339564?w=670&amp;h=383\"><\/p>\n\n\n\n<p>Governador cumprimenta o presidente Luiz In\u00e1cio Lula da Silva durante sua participa\u00e7\u00e3o nos pronunciamentos da cerim\u00f4nia &#8211; Vin\u00edcius Santa Rosa\/Governo do Tocantins\u00a0<\/p>\n\n\n\n<p><img src=\"https:\/\/central.to.gov.br\/image\/339566?w=670&amp;h=383\"><\/p>\n\n\n\n<p>Governador Wanderlei Barbosa se pronunciou durante o lan\u00e7amento do Programa de A\u00e7\u00e3o na Seguran\u00e7a, ao lado do presidente Luiz In\u00e1cio Lula da Silva, e outras autoridades nacionais &#8211; Vin\u00edcius Santa Rosa\/Governo do Tocantins\u00a0<\/p>\n\n\n\n<p><img src=\"https:\/\/central.to.gov.br\/image\/339567?w=670&amp;h=383\"><\/p>\n\n\n\n<p>Governador estava acompanhado de secret\u00e1rios de estado e do deputado federal, Ricardo Ayres &#8211; Vin\u00edcius Santa Rosa\/Governo do Tocantins<\/p>\n","protected":false},"excerpt":{"rendered":"<p>O governador Wanderlei Barbosa assinou nesta sexta-feira, 21, em Bras\u00edlia-DF, um conv\u00eanio com o Governo Federal para receber R$ 35 milh\u00f5es destinados ao setor de Seguran\u00e7a P\u00fablica do Tocantins. \u00a0A cerim\u00f4nia contou com a presen\u00e7a do presidente da Rep\u00fablica, Luiz In\u00e1cio Lula da Silva e do ministro da Justi\u00e7a e Seguran\u00e7a P\u00fablica, Fl\u00e1vio Dino. A [&hellip;]<\/p>\n","protected":false},"author":2,"featured_media":16521,"comment_status":"open","ping_status":"open","sticky":false,"template":"","format":"standard","meta":[],"categories":[3],"tags":[13],"_links":{"self":[{"href":"https:\/\/dgospel.com.br\/portal\/index.php\/wp-json\/wp\/v2\/posts\/16520"}],"collection":[{"href":"https:\/\/dgospel.com.br\/portal\/index.php\/wp-json\/wp\/v2\/posts"}],"about":[{"href":"https:\/\/dgospel.com.br\/portal\/index.php\/wp-json\/wp\/v2\/types\/post"}],"author":[{"embeddable":true,"href":"https:\/\/dgospel.com.br\/portal\/index.php\/wp-json\/wp\/v2\/users\/2"}],"replies":[{"embeddable":true,"href":"https:\/\/dgospel.com.br\/portal\/index.php\/wp-json\/wp\/v2\/comments?post=16520"}],"version-history":[{"count":1,"href":"https:\/\/dgospel.com.br\/portal\/index.php\/wp-json\/wp\/v2\/posts\/16520\/revisions"}],"predecessor-version":[{"id":16522,"href":"https:\/\/dgospel.com.br\/portal\/index.php\/wp-json\/wp\/v2\/posts\/16520\/revisions\/16522"}],"wp:featuredmedia":[{"embeddable":true,"href":"https:\/\/dgospel.com.br\/portal\/index.php\/wp-json\/wp\/v2\/media\/16521"}],"wp:attachment":[{"href":"https:\/\/dgospel.com.br\/portal\/index.php\/wp-json\/wp\/v2\/media?parent=16520"}],"wp:term":[{"taxonomy":"category","embeddable":true,"href":"https:\/\/dgospel.com.br\/portal\/index.php\/wp-json\/wp\/v2\/categories?post=16520"},{"taxonomy":"post_tag","embeddable":true,"href":"https:\/\/dgospel.com.br\/portal\/index.php\/wp-json\/wp\/v2\/tags?post=16520"}],"curies":[{"name":"wp","href":"https:\/\/api.w.org\/{rel}","templated":true}]}}