{"id":16526,"date":"2023-07-24T09:41:14","date_gmt":"2023-07-24T12:41:14","guid":{"rendered":"http:\/\/dgospel.com.br\/portal\/?p=16526"},"modified":"2023-07-24T09:41:15","modified_gmt":"2023-07-24T12:41:15","slug":"sete-pessoas-morrem-apos-dois-carros-baterem-de-frente-na-to-080-veja-quem-sao-as-vitimas","status":"publish","type":"post","link":"https:\/\/dgospel.com.br\/portal\/index.php\/2023\/07\/24\/sete-pessoas-morrem-apos-dois-carros-baterem-de-frente-na-to-080-veja-quem-sao-as-vitimas\/","title":{"rendered":"Sete pessoas morrem ap\u00f3s dois carros baterem de frente na TO-080; veja quem s\u00e3o as v\u00edtimas"},"content":{"rendered":"\n<p>Sete pessoas morreram em um grave acidente entre dois carros na TO-80, pr\u00f3ximo de Divin\u00f3polis do Tocantins, na regi\u00e3o oeste do estado. A batida frontal aconteceu durante uma tentativa de ultrapassagem na tarde deste domingo (23).<\/p>\n\n\n\n<p>Inicialmente seis pessoas morreram no local e duas foram levadas para o Hospital Regional de Para\u00edso do Tocantins, mas uma acabou n\u00e3o resistindo. As v\u00edtimas eram moradoras de Para\u00edso do Tocantins e Dois Irm\u00e3os. Veja os nomes:<\/p>\n\n\n\n<p><strong>V\u00edtimas de Para\u00edso<\/strong><\/p>\n\n\n\n<ul><li>H\u00e9lio Fl\u00e1vio de Ara\u00fajo J\u00fanior (motorista)<\/li><li>Jonatas Nunes Santana<\/li><li>Loranja Ribeiro da Costa<\/li><li>Eliene Ribeiro da Costa<\/li><\/ul>\n\n\n\n<p><strong>V\u00edtimas de Dois Irm\u00e3os<\/strong><\/p>\n\n\n\n<ul><li>Renato Parri\u00e3o, 28 anos (motorista)<\/li><li>Mirelle Nogueira de Sousa, 21 anos (morreu no hospital)<\/li><li>Vit\u00f3ria Bonfim Alves, 14 anos<\/li><\/ul>\n\n\n\n<figure class=\"wp-block-image\"><img src=\"https:\/\/s2-g1.glbimg.com\/CxWl5A59BT7sZdVfM9_ztkHIWQ8=\/0x0:800x254\/984x0\/smart\/filters:strip_icc()\/i.s3.glbimg.com\/v1\/AUTH_59edd422c0c84a879bd37670ae4f538a\/internal_photos\/bs\/2023\/j\/U\/cX42GWRAWla8NGd3Ek6Q\/snapinsta.app-362989129-241543042149904-2272611131842238826-n-1080.jpg\" alt=\"Renato Parri\u00e3o, Victoria Bonfim e Mirelle Nogueira morreram em tr\u00e1gico acidente \u2014 Foto: Reprodu\u00e7\u00e3o\"\/><\/figure>\n\n\n\n<p>Renato Parri\u00e3o, Victoria Bonfim e Mirelle Nogueira morreram em tr\u00e1gico acidente \u2014 Foto: Reprodu\u00e7\u00e3o<\/p>\n\n\n\n<p>A batida foi por volta das 15h30. Os bombeiros informaram que quando chegaram ao local havia tr\u00eas pessoas sem vida em cada carro. Ambos ficaram destru\u00eddos. Os militares precisaram estabilizar os ve\u00edculos e usar ferramentas para retirar os corpos.<\/p>\n\n\n\n<p>Ap\u00f3s a retirada, os corpos foram deixados aos cuidados da Pol\u00edcia Cient\u00edfica e da Pol\u00edcia Militar. Os bombeiros fizeram a limpeza da pista e remo\u00e7\u00e3o de destro\u00e7os.<\/p>\n\n\n\n<p>As v\u00edtimas foram levadas para o Instituto M\u00e9dico Legal (IML) de Para\u00edso do Tocantins e de Palmas. Todos foram liberados \u00e0s fam\u00edlias ao longo da madrugada.<\/p>\n\n\n\n<p>A Prefeitura de Dois Irm\u00e3os decretou luto oficial de tr\u00eas dias pela morte dos jovens Renato Parri\u00e3o, Victoria Bonfim e Mirelle Nogueira, que eram naturais da cidade.<\/p>\n\n\n\n<figure class=\"wp-block-image\"><img src=\"https:\/\/s2-g1.glbimg.com\/JbSFVfQtOnJwqsw0KMtImLsiHMk=\/0x0:1184x1600\/984x0\/smart\/filters:strip_icc()\/i.s3.glbimg.com\/v1\/AUTH_59edd422c0c84a879bd37670ae4f538a\/internal_photos\/bs\/2023\/Z\/p\/2jY7BRQ1CzrAsfs7EaOA\/whatsapp-image-2023-07-23-at-18.00.41.jpeg\" alt=\"Batida frontal deixou v\u00e1rios mortos no Tocantins \u2014 Foto: Reprodu\u00e7\u00e3o\/Redes Sociais\"\/><\/figure>\n\n\n\n<p>Batida frontal deixou v\u00e1rios mortos no Tocantins \u2014 Foto: Reprodu\u00e7\u00e3o\/Redes Sociais<\/p>\n\n\n\n<figure class=\"wp-block-image\"><img src=\"https:\/\/s2-g1.glbimg.com\/FLES-74HNiz8fRzZMdnGAq84x8c=\/0x0:899x1599\/984x0\/smart\/filters:strip_icc()\/i.s3.glbimg.com\/v1\/AUTH_59edd422c0c84a879bd37670ae4f538a\/internal_photos\/bs\/2023\/n\/5\/MWtloxRPAMvKYu9V1Q5A\/whatsapp-image-2023-07-23-at-18.01.40.jpeg\" alt=\"Carros ficaram destru\u00eddos ap\u00f3s batida \u2014 Foto: Reprodu\u00e7\u00e3o\/Redes Sociais\"\/><\/figure>\n\n\n\n<p>Carros ficaram destru\u00eddos ap\u00f3s batida \u2014 Foto: Reprodu\u00e7\u00e3o\/Redes Sociais<\/p>\n\n\n\n<p><\/p>\n","protected":false},"excerpt":{"rendered":"<p>Sete pessoas morreram em um grave acidente entre dois carros na TO-80, pr\u00f3ximo de Divin\u00f3polis do Tocantins, na regi\u00e3o oeste do estado. A batida frontal aconteceu durante uma tentativa de ultrapassagem na tarde deste domingo (23). Inicialmente seis pessoas morreram no local e duas foram levadas para o Hospital Regional de Para\u00edso do Tocantins, mas [&hellip;]<\/p>\n","protected":false},"author":2,"featured_media":16527,"comment_status":"open","ping_status":"open","sticky":false,"template":"","format":"standard","meta":[],"categories":[10],"tags":[],"_links":{"self":[{"href":"https:\/\/dgospel.com.br\/portal\/index.php\/wp-json\/wp\/v2\/posts\/16526"}],"collection":[{"href":"https:\/\/dgospel.com.br\/portal\/index.php\/wp-json\/wp\/v2\/posts"}],"about":[{"href":"https:\/\/dgospel.com.br\/portal\/index.php\/wp-json\/wp\/v2\/types\/post"}],"author":[{"embeddable":true,"href":"https:\/\/dgospel.com.br\/portal\/index.php\/wp-json\/wp\/v2\/users\/2"}],"replies":[{"embeddable":true,"href":"https:\/\/dgospel.com.br\/portal\/index.php\/wp-json\/wp\/v2\/comments?post=16526"}],"version-history":[{"count":1,"href":"https:\/\/dgospel.com.br\/portal\/index.php\/wp-json\/wp\/v2\/posts\/16526\/revisions"}],"predecessor-version":[{"id":16528,"href":"https:\/\/dgospel.com.br\/portal\/index.php\/wp-json\/wp\/v2\/posts\/16526\/revisions\/16528"}],"wp:featuredmedia":[{"embeddable":true,"href":"https:\/\/dgospel.com.br\/portal\/index.php\/wp-json\/wp\/v2\/media\/16527"}],"wp:attachment":[{"href":"https:\/\/dgospel.com.br\/portal\/index.php\/wp-json\/wp\/v2\/media?parent=16526"}],"wp:term":[{"taxonomy":"category","embeddable":true,"href":"https:\/\/dgospel.com.br\/portal\/index.php\/wp-json\/wp\/v2\/categories?post=16526"},{"taxonomy":"post_tag","embeddable":true,"href":"https:\/\/dgospel.com.br\/portal\/index.php\/wp-json\/wp\/v2\/tags?post=16526"}],"curies":[{"name":"wp","href":"https:\/\/api.w.org\/{rel}","templated":true}]}}