{"id":16532,"date":"2023-07-26T09:11:23","date_gmt":"2023-07-26T12:11:23","guid":{"rendered":"http:\/\/dgospel.com.br\/portal\/?p=16532"},"modified":"2023-07-26T09:11:25","modified_gmt":"2023-07-26T12:11:25","slug":"governo-do-tocantins-impulsiona-o-cenario-habitacional-e-o-desenvolvimento-sustentavel-no-estado","status":"publish","type":"post","link":"https:\/\/dgospel.com.br\/portal\/index.php\/2023\/07\/26\/governo-do-tocantins-impulsiona-o-cenario-habitacional-e-o-desenvolvimento-sustentavel-no-estado\/","title":{"rendered":"Governo do Tocantins impulsiona o cen\u00e1rio habitacional e o desenvolvimento sustent\u00e1vel no Estado"},"content":{"rendered":"\n<p>Com foco no fortalecimento dos munic\u00edpios, a gest\u00e3o Wanderlei Barbosa, por meio da Secretaria de Estado das Cidades, Habita\u00e7\u00e3o e Desenvolvimento Urbano (Secihd), tem nos \u00faltimos seis meses, direcionado esfor\u00e7os para impulsionar o cen\u00e1rio habitacional e o desenvolvimento urbano sustent\u00e1vel no Estado, visando melhorar as condi\u00e7\u00f5es de vida da popula\u00e7\u00e3o tocantinense nesses eixos.&nbsp;<\/p>\n\n\n\n<p>Com a aprova\u00e7\u00e3o da Medida Provis\u00f3ria (MP) n\u00b0 1.162 de 2023 &#8211; publicada no dia 15 de fevereiro e aprovada no dia 13 de julho do corrente ano &#8211; que retoma o programa&nbsp;<em>Minha Casa, Minha Vida<\/em>&nbsp;(MCMV) e prev\u00ea mudan\u00e7as importantes no programa, como a cria\u00e7\u00e3o de novas faixas de renda que desconsideram benef\u00edcios tempor\u00e1rios, assistenciais ou previdenci\u00e1rios, 50% das unidades ser\u00e3o reservadas para as fam\u00edlias da Faixa 1. Al\u00e9m disso, passar\u00e1 a incluir pessoas em situa\u00e7\u00e3o de rua na lista de pretensos benefici\u00e1rios.<\/p>\n\n\n\n<p>Para o governador Wanderlei Barbosa, buscar solu\u00e7\u00f5es para reduzir o d\u00e9ficit habitacional \u00e9 uma quest\u00e3o priorit\u00e1ria no Estado. \u201cEstamos trabalhando em colabora\u00e7\u00e3o com o Governo Federal para garantir que o MCMV continue a ser uma fonte confi\u00e1vel de habita\u00e7\u00e3o acess\u00edvel e de qualidade para as fam\u00edlias de baixa renda no Tocantins&#8221;, afirma.<\/p>\n\n\n\n<p>O titular da Secihd, Thiago Benfica, destaca que a finaliza\u00e7\u00e3o da medida provis\u00f3ria \u00e9 um passo importante na luta contra o d\u00e9ficit habitacional no Estado. &#8220;A partir do momento que a MP for finalizada, temos mais liberdade para trabalhar com a amplia\u00e7\u00e3o do programa habitacional aqui no Tocantins e, a partir da\u00ed, trabalharemos para que o maior n\u00famero poss\u00edvel de&nbsp;fam\u00edlias tenha acesso a uma moradia digna e adequada\u201d, finaliza.<\/p>\n\n\n\n<p>Com a recente finaliza\u00e7\u00e3o da Medida Provis\u00f3ria que disp\u00f5e o MCMV, no \u00faltimo dia 3 de julho, o Governo do Tocantins realizou o protocolo de inclus\u00e3o de propostas no Sistema utilizado pela Caixa Econ\u00f4mica Federal (CEF), que visa atender a popula\u00e7\u00e3o enquadrada na Faixa do Programa, como fam\u00edlias com renda bruta de at\u00e9 R$ 2.640 e ir\u00e1 atender a popula\u00e7\u00e3o dos cinco maiores munic\u00edpios do Estado, neste primeiro momento, sendo eles: Palmas, Aragua\u00edna, Gurupi, Para\u00edso e Porto Nacional.<\/p>\n\n\n\n<p>O governador Wanderlei Barbosa exp\u00f4s sua satisfa\u00e7\u00e3o em trabalhar em estreito di\u00e1logo com o Governo Federal para a realiza\u00e7\u00e3o eficaz do MCMV no Tocantins. \u201cPara mim, \u00e9 uma satisfa\u00e7\u00e3o gigantesca acompanhar a retomada do Programa e poder atuar de forma que beneficiar\u00e1 muitas fam\u00edlias no nosso Estado que sonham com a casa pr\u00f3pria e, agora, poder\u00e3o ter a oportunidade de usufruir desse direito. Nosso papel principal \u00e9 promover a essas fam\u00edlias o acesso \u00e0 moradia digna e, para isso, nos antecipamos e conseguimos apresentar nossas propostas para a Caixa Econ\u00f4mica Federal, que tem sido uma parceira incr\u00edvel da gest\u00e3o\u201d, enfatiza o Governador.<\/p>\n\n\n\n<p>A superintendente das Cidades e Desenvolvimento Urbano, Ludimila Galv\u00e3o, destaca que, agora que as propostas foram inseridas no sistema, a CEF far\u00e1 uma an\u00e1lise pr\u00e9via para avaliar a documenta\u00e7\u00e3o enviada e, depois, realizar\u00e1 vistoria dos terrenos indicados para confer\u00eancia das especifica\u00e7\u00f5es dos locais. \u201cEstamos extremamente confiantes de que a valida\u00e7\u00e3o das nossas propostas ocorrer\u00e1 no tempo que a Caixa estipulou sem nenhuma intercorr\u00eancia, o governador Wanderlei Barbosa nos afirmou que a Habita\u00e7\u00e3o \u00e9 um dos principais pilares da sua gest\u00e3o e, com isso, estamos trabalhando incessantemente para que o Tocantins seja refer\u00eancia no cen\u00e1rio habitacional no Pa\u00eds\u201d, salienta.<\/p>\n\n\n\n<p>Um dos pontos mais relevantes da atual gest\u00e3o tem sido a participa\u00e7\u00e3o da popula\u00e7\u00e3o nas consultas p\u00fablicas realizadas no Plano Plurianual 2024-2027, que tem elegido o desafio de promover o acesso \u00e0 moradia digna dentro do eixo de Infraestrutura Econ\u00f4mica e Urbana como um destaque em todas as plen\u00e1rias que j\u00e1 ocorreram at\u00e9 o presente momento.<\/p>\n\n\n\n<p>\u201cOuvir a popula\u00e7\u00e3o \u00e9 o principal meio de conseguirmos alcan\u00e7ar sucesso na gest\u00e3o e o PPA tem nos auxiliado a entender, diretamente das pessoas, por onde devemos come\u00e7ar e onde temos que prestar mais aten\u00e7\u00e3o. Temos atuado de forma humanizada em contato direto com as pessoas, de cada regi\u00e3o do Tocantins e assim iremos continuar trabalhando, porque eu sei que a popula\u00e7\u00e3o tocantinense anseia por uma gest\u00e3o que realize de fato aquilo que ela precisa\u201d, frisa o governador Wanderlei Barbosa.<\/p>\n\n\n\n<p>Para Thiago Benfica, tem sido uma experi\u00eancia importante participar com a sua equipe t\u00e9cnica dos encontros realizados no PPA. \u201c\u00c9 um momento muito importante na agenda da Habita\u00e7\u00e3o e do Desenvolvimento Urbano no Tocantins essa participa\u00e7\u00e3o no PPA. A forma como o governador Wanderlei Barbosa tem conduzido as Consultas P\u00fablicas pelas regi\u00f5es do Estado tem nos proporcionado uma vis\u00e3o ampla de como iremos atuar, nos permitindo saber exatamente o que precisaremos fazer, porque conseguimos dialogar com os munic\u00edpios e, sobretudo, ouvir a popula\u00e7\u00e3o para que possamos cuidar daquilo que cada um, em sua individualidade, mais precisa\u201d, salienta o gestor.<\/p>\n\n\n\n<p>Um dos programas mais importantes do Governo do Tocantins, no que diz respeito ao di\u00e1logo direto com os munic\u00edpios, \u00e9 o Programa de Fortalecimento da Economia e Gera\u00e7\u00e3o de Emprego e Renda, que promove obras de revitaliza\u00e7\u00e3o e adequa\u00e7\u00e3o de v\u00e1rios locais, como pra\u00e7as, gin\u00e1sios, entre outros, nas cidades do Tocantins.<\/p>\n\n\n\n<p>O programa simboliza o compromisso da gest\u00e3o Wanderlei Barbosa de trabalhar em parceria com os munic\u00edpios, a fim de promover o crescimento do Tocantins. &#8220;V\u00e1rias obras pertencentes a este Programa est\u00e3o em fase de conclus\u00e3o. \u00c9 um orgulho para a Gest\u00e3o, que se preocupa com o desenvolvimento do Estado e cria condi\u00e7\u00f5es para que os munic\u00edpios se desenvolvam de forma equilibrada e sustent\u00e1vel&#8221;, finaliza Thiago Benfica.<\/p>\n\n\n\n<p><img src=\"https:\/\/central.to.gov.br\/image\/339763?w=670&amp;h=383\"><\/p>\n\n\n\n<p>Governo do Tocantins tem atuado em estreito di\u00e1logo com o Governo Federal, a fim de manter o Estado em conex\u00e3o com as decis\u00f5es tomadas pela esfera &#8211; Mariana Di Pietro\/Governo do Tocantins\u00a0<\/p>\n\n\n\n<p><img src=\"https:\/\/central.to.gov.br\/image\/339764?w=670&amp;h=383\"><\/p>\n\n\n\n<p>Secihd acompanha a realiza\u00e7\u00e3o das consultas p\u00fablicas realizadas no PPA 2024-2027 para ouvir e atender as demandas da popula\u00e7\u00e3o &#8211; Bruno Maia\/Governo do Tocantins\u00a0<\/p>\n\n\n\n<p><img src=\"https:\/\/central.to.gov.br\/image\/339765?w=670&amp;h=383\"><\/p>\n\n\n\n<p>Momento da entrega das Obras de Revitaliza\u00e7\u00e3o e Adequa\u00e7\u00e3o de pra\u00e7a p\u00fablica em Miracema\/TO, por meio do Programa de Fortalecimento da Economia e Gera\u00e7\u00e3o de Emprego e Renda &#8211; Thays Lima\/Governo do Tocantins<\/p>\n","protected":false},"excerpt":{"rendered":"<p>Com foco no fortalecimento dos munic\u00edpios, a gest\u00e3o Wanderlei Barbosa, por meio da Secretaria de Estado das Cidades, Habita\u00e7\u00e3o e Desenvolvimento Urbano (Secihd), tem nos \u00faltimos seis meses, direcionado esfor\u00e7os para impulsionar o cen\u00e1rio habitacional e o desenvolvimento urbano sustent\u00e1vel no Estado, visando melhorar as condi\u00e7\u00f5es de vida da popula\u00e7\u00e3o tocantinense nesses eixos.&nbsp; Com a [&hellip;]<\/p>\n","protected":false},"author":2,"featured_media":16533,"comment_status":"open","ping_status":"open","sticky":false,"template":"","format":"standard","meta":[],"categories":[3],"tags":[13],"_links":{"self":[{"href":"https:\/\/dgospel.com.br\/portal\/index.php\/wp-json\/wp\/v2\/posts\/16532"}],"collection":[{"href":"https:\/\/dgospel.com.br\/portal\/index.php\/wp-json\/wp\/v2\/posts"}],"about":[{"href":"https:\/\/dgospel.com.br\/portal\/index.php\/wp-json\/wp\/v2\/types\/post"}],"author":[{"embeddable":true,"href":"https:\/\/dgospel.com.br\/portal\/index.php\/wp-json\/wp\/v2\/users\/2"}],"replies":[{"embeddable":true,"href":"https:\/\/dgospel.com.br\/portal\/index.php\/wp-json\/wp\/v2\/comments?post=16532"}],"version-history":[{"count":1,"href":"https:\/\/dgospel.com.br\/portal\/index.php\/wp-json\/wp\/v2\/posts\/16532\/revisions"}],"predecessor-version":[{"id":16534,"href":"https:\/\/dgospel.com.br\/portal\/index.php\/wp-json\/wp\/v2\/posts\/16532\/revisions\/16534"}],"wp:featuredmedia":[{"embeddable":true,"href":"https:\/\/dgospel.com.br\/portal\/index.php\/wp-json\/wp\/v2\/media\/16533"}],"wp:attachment":[{"href":"https:\/\/dgospel.com.br\/portal\/index.php\/wp-json\/wp\/v2\/media?parent=16532"}],"wp:term":[{"taxonomy":"category","embeddable":true,"href":"https:\/\/dgospel.com.br\/portal\/index.php\/wp-json\/wp\/v2\/categories?post=16532"},{"taxonomy":"post_tag","embeddable":true,"href":"https:\/\/dgospel.com.br\/portal\/index.php\/wp-json\/wp\/v2\/tags?post=16532"}],"curies":[{"name":"wp","href":"https:\/\/api.w.org\/{rel}","templated":true}]}}