{"id":16538,"date":"2023-07-26T09:18:00","date_gmt":"2023-07-26T12:18:00","guid":{"rendered":"http:\/\/dgospel.com.br\/portal\/?p=16538"},"modified":"2023-07-26T09:18:01","modified_gmt":"2023-07-26T12:18:01","slug":"governo-do-tocantins-investe-em-seguranca-publica-com-acoes-efetivas-em-todo-estado","status":"publish","type":"post","link":"https:\/\/dgospel.com.br\/portal\/index.php\/2023\/07\/26\/governo-do-tocantins-investe-em-seguranca-publica-com-acoes-efetivas-em-todo-estado\/","title":{"rendered":"Governo do Tocantins investe em seguran\u00e7a p\u00fablica com a\u00e7\u00f5es efetivas em todo Estado"},"content":{"rendered":"\n<p>O Governo do Tocantins, por meio da Secretaria de Estado da Seguran\u00e7a P\u00fablica (SSP\/TO), desenvolveu, neste primeiro semestre de 2023, diversas a\u00e7\u00f5es que possibilitaram o fortalecimento da seguran\u00e7a nos munic\u00edpios tocantinenses e uma resposta efetiva ao crime organizado. Pris\u00f5es,&nbsp;mais de 100 opera\u00e7\u00f5es policiais, investimentos em treinamento, utiliza\u00e7\u00e3o de tecnologia para combate a crimes e fortalecimento de parcerias com a comunidade est\u00e3o entre as a\u00e7\u00f5es.<\/p>\n\n\n\n<p>O secret\u00e1rio de Estado da Seguran\u00e7a P\u00fablica, Wlademir Mota Oliveira, refor\u00e7a que investir em seguran\u00e7a \u00e9 preservar os direitos humanos e que todos os servidores da pasta trabalham incansavelmente para oferecer o melhor, com agilidade e efici\u00eancia.<\/p>\n\n\n\n<p>\u201cSeguindo as diretrizes da Gest\u00e3o Estadual, temos buscado investir em seguran\u00e7a de forma integrada, com vistas a prevenir e reprimir a criminalidade. Para este pr\u00f3ximo semestre, vamos continuar no mesmo ritmo de trabalho, atuando diuturnamente para desestimular a pr\u00e1tica de delitos, interromper a escalada da criminalidade e criar um ambiente seguro aos cidad\u00e3os\u201d, afirma o secret\u00e1rio.<\/p>\n\n\n\n<p><strong>Opera\u00e7\u00f5es e pris\u00f5es<\/strong><\/p>\n\n\n\n<p>Nas diversas frentes de atua\u00e7\u00e3o da Pol\u00edcia Civil do Tocantins (PC-TO), d\u00e1-se destaque \u00e0 pris\u00e3o de membros de fac\u00e7\u00f5es e ao desmantelo de organiza\u00e7\u00f5es criminosas. Fruto desse trabalho incans\u00e1vel foi a pris\u00e3o de um homem de 30 anos conhecido no mundo do crime como&nbsp;<em>Dad Charada<\/em>. A pris\u00e3o ocorreu no in\u00edcio de julho e s\u00f3 foi poss\u00edvel gra\u00e7as ao trabalho conjunto dos investigadores das unidades especializadas e do servi\u00e7o de intelig\u00eancia da SSP-TO e da PC-TO, ao longo dos primeiros seis meses.<\/p>\n\n\n\n<p>Ele \u00e9 suspeito de ser um dos principais articuladores dos homic\u00eddios que vinham ocorrendo na Capital e tinha o objetivo de matar 100 rivais at\u00e9 o final do ano. A pris\u00e3o, que ocorreu dentro da opera\u00e7\u00e3o&nbsp;<em>Gotham City<\/em>, foi poss\u00edvel gra\u00e7as ao fortalecimento das delegacias especializadas e do importante trabalho dos servi\u00e7os de intelig\u00eancia da SSP\/TO.&nbsp;<\/p>\n\n\n\n<p>Outras opera\u00e7\u00f5es de destaque foram as duas fases da&nbsp;<em>Broken Windows<\/em>;&nbsp;a&nbsp;<em>Orange Couch<\/em>;&nbsp;a&nbsp;<em>Fauda<\/em>; e a&nbsp;<em>Pertin\u00e1cia<\/em>, que resultaram na pris\u00e3o de mais de 40 pessoas e na apreens\u00e3o de armas e drogas. Apenas na opera\u00e7\u00e3o&nbsp;<em>Fauda<\/em>, foram retirados de circula\u00e7\u00e3o mais de 90 kg de crack e 25 kg de maconha.<\/p>\n\n\n\n<p>No \u00faltimo m\u00eas de junho, divis\u00f5es especializadas que comp\u00f5em a Diretoria de Combate \u00e0 Corrup\u00e7\u00e3o e o Crime Organizado (Dracco) do Tocantins realizaram 62 pris\u00f5es e apreenderam mais de 136 kg de subst\u00e2ncias entorpecentes, 22 armas de fogo, nove ve\u00edculos e quase R$ 50 mil em esp\u00e9cie.<\/p>\n\n\n\n<p><strong>Palmas<\/strong><\/p>\n\n\n\n<p>Com o objetivo de trazer mais paz e tranquilidade \u00e0 popula\u00e7\u00e3o de Palmas,&nbsp;a SSP\/TO tem se unido \u00e0s demais for\u00e7as de seguran\u00e7a por meio do Gabinete de Gest\u00e3o Integrada e desenvolvido as opera\u00e7\u00f5es&nbsp;<em>Todos pela Vida &#8211; Palmas Segura e Toler\u00e2ncia Zero<\/em>.&nbsp;<\/p>\n\n\n\n<p>Essas a\u00e7\u00f5es intensificaram abordagens e pris\u00f5es especialmente na regi\u00e3o sul de Palmas e por meio de a\u00e7\u00f5es da 1\u00aa Divis\u00e3o de Homic\u00eddios e Prote\u00e7\u00e3o \u00e0 Pessoa (1\u00aa DHPP &#8211; Palmas), at\u00e9 o dia 7 de julho, foram relatados 53 inqu\u00e9ritos policiais, sendo 38 com autoria definida, resultando em 43 indiciamentos. Sobre esses homic\u00eddios, foram instaurados 75 inqu\u00e9ritos e efetuadas 45 pris\u00f5es.<\/p>\n\n\n\n<p><strong>Tecnologia e preven\u00e7\u00e3o a crimes<\/strong><\/p>\n\n\n\n<p>Outros destaques da Seguran\u00e7a P\u00fablica levam em conta a utiliza\u00e7\u00e3o de ferramentas tecnol\u00f3gicas para prevenir crimes e fortalecer o di\u00e1logo com a comunidade. Exemplos s\u00e3o os aplicativos&nbsp;<em>Salve Mulher<\/em>,&nbsp;<em>Fale com a Ouvidoria, Escola Segura<\/em>&nbsp;e o&nbsp;<em>Canal Direto com a DHPP<\/em>&nbsp;para recebimento de den\u00fancias.&nbsp;&nbsp;<\/p>\n\n\n\n<p>O&nbsp;<em>Salve Mulher<\/em>&nbsp;tem fortalecido o combate \u00e0 viol\u00eancia contra a mulher, evitando que elas tenham que se deslocar at\u00e9 a delegacia para receber atendimento imediato e agilizando pedidos de medida protetiva.<\/p>\n\n\n\n<p>O&nbsp;<em>Fale com a Ouvidoria<\/em>&nbsp;permite que o cidad\u00e3o fa\u00e7a den\u00fancias, reclama\u00e7\u00f5es, elogios e sugest\u00f5es. E em casos de homic\u00eddio ou tentativa de homic\u00eddio ocorridos em Palmas, a popula\u00e7\u00e3o pode passar informa\u00e7\u00f5es por meio do WhatsApp (63) 98131-8454, sendo garantido absoluto sigilo.<\/p>\n\n\n\n<p>O&nbsp;<em>Escola Segura<\/em>&nbsp;\u00e9 direcionado para a comunidade escolar, sendo poss\u00edvel fazer den\u00fancias em casos de emerg\u00eancia e tamb\u00e9m relatar situa\u00e7\u00f5es que preocupam a unidade escolar, no sentido de prevenir futuras situa\u00e7\u00f5es. Essas den\u00fancias ser\u00e3o direcionadas a um plant\u00e3o permanente e atendidas em tempo real, com o acionamento imediato das equipes policiais.<\/p>\n\n\n\n<p>Ainda com foco na seguran\u00e7a nas escolas, a Seguran\u00e7a P\u00fablica e a Secretaria de Estado da Educa\u00e7\u00e3o est\u00e3o trabalhando na cria\u00e7\u00e3o de um ambiente tecnol\u00f3gico capaz de compartilhar informa\u00e7\u00f5es cadastrais entre as institui\u00e7\u00f5es.<\/p>\n\n\n\n<p>Para modernizar e dar mais celeridade ao trabalho investigativo, foi implantado o projeto&nbsp;<em>Delegacia Digital,<\/em>&nbsp;inicialmente adotado pela 2\u00aa Divis\u00e3o de Homic\u00eddios e Prote\u00e7\u00e3o \u00e0 Pessoa (2\u00aa DHPP) de Aragua\u00edna. A ideia \u00e9 estabelecer uma delegacia totalmente digital com a extin\u00e7\u00e3o de inqu\u00e9ritos f\u00edsicos.<\/p>\n\n\n\n<p><strong>Investimentos e valoriza\u00e7\u00e3o<\/strong><\/p>\n\n\n\n<p>A valoriza\u00e7\u00e3o da atua\u00e7\u00e3o profissional foi bastante destacada neste primeiro semestre com a entrega de medalhas condecorativas de bravura e m\u00e9rito policial a 36 policiais civis que contribu\u00edram para a constru\u00e7\u00e3o e o fortalecimento da institui\u00e7\u00e3o.<\/p>\n\n\n\n<p>Al\u00e9m disso, sabendo que \u00e9 fundamental oferecer treinamento regular e adequado aos agentes de seguran\u00e7a, teve in\u00edcio mais uma edi\u00e7\u00e3o do&nbsp;<em>Integra PC<\/em>. O programa, que oferece aperfei\u00e7oamento intelectual e operacional, deve capacitar cerca de 250 policiais civis. Desses, 60 j\u00e1&nbsp;foram capacitados, em Gurupi, no \u00faltimo m\u00eas de junho. A Escola Superior de Pol\u00edcia (Espol) tamb\u00e9m oferece regularmente cursos que aprimoram as habilidades dos agentes, a exemplo do Curso de Investiga\u00e7\u00e3o de Homic\u00eddios.<\/p>\n\n\n\n<p>\u201cO treinamento cont\u00ednuo ajuda a atualizar os conhecimentos e garantir que os profissionais estejam preparados para lidar com os desafios do ambiente em que atuam. N\u00e3o podemos deixar isso de lado e, neste segundo semestre, vamos continuar aprimorando as habilidades de nossos agentes de seguran\u00e7a\u201d, afirma o delegado-geral da Pol\u00edcia Civil, Claudemir Luiz Ferreira.&nbsp;<\/p>\n\n\n\n<p>Ainda no eixo da valoriza\u00e7\u00e3o, a SSP\/TO tem desenvolvido a\u00e7\u00f5es que visam ao cuidado com a sa\u00fade f\u00edsica e psicossocial dos profissionais.<\/p>\n\n\n\n<p><strong>Participa\u00e7\u00e3o da comunidade &#8211; Consegs&nbsp;<\/strong><\/p>\n\n\n\n<p>A Seguran\u00e7a P\u00fablica tamb\u00e9m vem investindo em iniciativas que estreitam a rela\u00e7\u00e3o entre pol\u00edcia e popula\u00e7\u00e3o. Por meio da Pol\u00edcia Comunit\u00e1ria, est\u00e3o sendo implantados Conselhos Comunit\u00e1rios de Seguran\u00e7a (Consegs) em v\u00e1rias cidades do Estado. Na regi\u00e3o do Bico do Papagaio, dez j\u00e1 est\u00e3o em funcionamento. Luzimangues, Taquaru\u00e7u e o Jardim Aureny IV, em Palmas, tamb\u00e9m j\u00e1 contam com conselhos promovendo a participa\u00e7\u00e3o cidad\u00e3 na seguran\u00e7a.<\/p>\n\n\n\n<p><strong>Investimentos em infraestrutura<\/strong><\/p>\n\n\n\n<p>Neste ano, a Seguran\u00e7a P\u00fablica j\u00e1 recebeu equipamentos do Governo do Estado, que t\u00eam contribu\u00eddo para o fortalecimento das a\u00e7\u00f5es. Foram entregues mais de 390 computadores, sendo 285 para a Pol\u00edcia Civil, 15 para as Delegacias de Atendimento a Vulner\u00e1veis do Estado e 7 para a Pol\u00edcia Cient\u00edfica.&nbsp;<\/p>\n\n\n\n<p>J\u00e1 em Bras\u00edlia (DF), local em que o secret\u00e1rio Wlademir Mota e sua equipe t\u00eam agenda constante, o gestor recebeu seis viaturas, tr\u00eas para as Delegacias Especializadas em Atendimento \u00e0 Mulher.&nbsp;<\/p>\n\n\n\n<p>Em Palmas, durante visita do ministro da Justi\u00e7a, Fl\u00e1vio Dino, a SSP-TO foi contemplada com outros oito ve\u00edculos.<\/p>\n\n\n\n<p><strong>Cidade da Pol\u00edcia<\/strong><\/p>\n\n\n\n<p>Mais uma grande a\u00e7\u00e3o que ocorreu neste semestre trata-se da destina\u00e7\u00e3o, pelo governador Wanderlei Barbosa, de \u00e1rea de mais de 120 mil m\u00b2 para a constru\u00e7\u00e3o do Complexo Cidade da Pol\u00edcia, localizado na regi\u00e3o sul da capital Palmas.<\/p>\n\n\n\n<p>Em Gurupi, a PC-TO tamb\u00e9m vai contar com pr\u00e9dio pr\u00f3prio, j\u00e1 que\u00a0foi aprovado o Projeto de Lei que doa dois lotes de 900 m\u00b2, que ser\u00e3o destinados \u00e0 constru\u00e7\u00e3o do futuro pr\u00e9dio da Cidade da Pol\u00edcia Civil de Gurupi.<\/p>\n\n\n\n<p><img src=\"https:\/\/central.to.gov.br\/image\/339849?w=670&amp;h=383\"><\/p>\n\n\n\n<p>Evento de lan\u00e7amento do aplicativo Salve Mulher; ferramenta tem fortalecido o combate \u00e0 viol\u00eancia contra a mulher &#8211; Luiz de Castro\/Governo do Tocantins\u00a0<\/p>\n\n\n\n<p><img src=\"https:\/\/central.to.gov.br\/image\/339851?w=670&amp;h=383\"><\/p>\n\n\n\n<p>Grandes opera\u00e7\u00f5es da Pol\u00edcia Civil tem desarticulado as organiza\u00e7\u00f5es criminosas no Tocantins &#8211; Luiz de Castro\/Governo do Tocantins\u00a0<\/p>\n\n\n\n<p><img src=\"https:\/\/central.to.gov.br\/image\/339852?w=670&amp;h=383\"><\/p>\n\n\n\n<p>Secret\u00e1rio Wlademir recebeu ve\u00edculos do Governo Federal e tem mantido agenda constante em Bras\u00edlia &#8211; Adilvan Nogueira\/Governo do Tocantins\u00a0<\/p>\n\n\n\n<p><img src=\"https:\/\/central.to.gov.br\/image\/339853?w=670&amp;h=383\"><\/p>\n\n\n\n<p>Opera\u00e7\u00e3o Gotham City prendeu faccionado suspeito de ser um dos principais articuladores de homic\u00eddios na Capital &#8211; Luiz de Castro\/Governo do Tocantins\u00a0<\/p>\n\n\n\n<p><img src=\"https:\/\/central.to.gov.br\/image\/339854?w=670&amp;h=383\"><\/p>\n\n\n\n<p>Pol\u00edcia Civil tem trabalhado de forma integrada com demais for\u00e7as de seguran\u00e7a nas opera\u00e7\u00f5es Todos pela Vida &#8211; Palmas Segura e Toler\u00e2ncia Zero &#8211; Luiz de Castro\/Governo do Tocantins<\/p>\n\n\n\n<p><img src=\"https:\/\/central.to.gov.br\/image\/339855?w=670&amp;h=383\"><\/p>\n\n\n\n<p>SSP\/TO realiza treinamento regular e adequado aos agentes de seguran\u00e7a &#8211; Luiz de Castro\/Governo do Tocantins<\/p>\n\n\n\n<p><img src=\"https:\/\/central.to.gov.br\/image\/339856?w=670&amp;h=383\"><\/p>\n\n\n\n<p>Como valoriza\u00e7\u00e3o foram entregues medalhas condecorativas de bravura e m\u00e9rito policial a 36 policiais civis &#8211; Luiz de Castro\/Governo do Tocantins&nbsp;<\/p>\n","protected":false},"excerpt":{"rendered":"<p>O Governo do Tocantins, por meio da Secretaria de Estado da Seguran\u00e7a P\u00fablica (SSP\/TO), desenvolveu, neste primeiro semestre de 2023, diversas a\u00e7\u00f5es que possibilitaram o fortalecimento da seguran\u00e7a nos munic\u00edpios tocantinenses e uma resposta efetiva ao crime organizado. Pris\u00f5es,&nbsp;mais de 100 opera\u00e7\u00f5es policiais, investimentos em treinamento, utiliza\u00e7\u00e3o de tecnologia para combate a crimes e fortalecimento [&hellip;]<\/p>\n","protected":false},"author":2,"featured_media":16539,"comment_status":"open","ping_status":"open","sticky":false,"template":"","format":"standard","meta":[],"categories":[3],"tags":[13],"_links":{"self":[{"href":"https:\/\/dgospel.com.br\/portal\/index.php\/wp-json\/wp\/v2\/posts\/16538"}],"collection":[{"href":"https:\/\/dgospel.com.br\/portal\/index.php\/wp-json\/wp\/v2\/posts"}],"about":[{"href":"https:\/\/dgospel.com.br\/portal\/index.php\/wp-json\/wp\/v2\/types\/post"}],"author":[{"embeddable":true,"href":"https:\/\/dgospel.com.br\/portal\/index.php\/wp-json\/wp\/v2\/users\/2"}],"replies":[{"embeddable":true,"href":"https:\/\/dgospel.com.br\/portal\/index.php\/wp-json\/wp\/v2\/comments?post=16538"}],"version-history":[{"count":1,"href":"https:\/\/dgospel.com.br\/portal\/index.php\/wp-json\/wp\/v2\/posts\/16538\/revisions"}],"predecessor-version":[{"id":16540,"href":"https:\/\/dgospel.com.br\/portal\/index.php\/wp-json\/wp\/v2\/posts\/16538\/revisions\/16540"}],"wp:featuredmedia":[{"embeddable":true,"href":"https:\/\/dgospel.com.br\/portal\/index.php\/wp-json\/wp\/v2\/media\/16539"}],"wp:attachment":[{"href":"https:\/\/dgospel.com.br\/portal\/index.php\/wp-json\/wp\/v2\/media?parent=16538"}],"wp:term":[{"taxonomy":"category","embeddable":true,"href":"https:\/\/dgospel.com.br\/portal\/index.php\/wp-json\/wp\/v2\/categories?post=16538"},{"taxonomy":"post_tag","embeddable":true,"href":"https:\/\/dgospel.com.br\/portal\/index.php\/wp-json\/wp\/v2\/tags?post=16538"}],"curies":[{"name":"wp","href":"https:\/\/api.w.org\/{rel}","templated":true}]}}