{"id":1654,"date":"2018-10-23T13:26:00","date_gmt":"2018-10-23T15:26:00","guid":{"rendered":"http:\/\/dgospel.com.br\/portal\/?p=1654"},"modified":"2018-10-23T13:26:00","modified_gmt":"2018-10-23T15:26:00","slug":"governador-discute-manutencao-de-estradas-vicinais-com-prefeitos-do-consorcio-intermunicipal-lago","status":"publish","type":"post","link":"https:\/\/dgospel.com.br\/portal\/index.php\/2018\/10\/23\/governador-discute-manutencao-de-estradas-vicinais-com-prefeitos-do-consorcio-intermunicipal-lago\/","title":{"rendered":"Governador discute manuten\u00e7\u00e3o de estradas vicinais com prefeitos do Cons\u00f3rcio Intermunicipal Lago"},"content":{"rendered":"<p>O governador Mauro Carlesse se reuniu, nesta segunda-feira, 22, em seu Gabinete, no Pal\u00e1cio Araguaia, com sete prefeitos de munic\u00edpios que integram o Cons\u00f3rcio Intermunicipal para a Gest\u00e3o Compartilhada da Bacia Hidrogr\u00e1fica do M\u00e9dio Tocantins (CI-Lago), onde foi discutida a\u00a0manuten\u00e7\u00e3o de obras do Projeto de Desenvolvimento Regional Integrado e Sustent\u00e1vel (PDRIS).<\/p>\n<p>Os prefeitos apresentaram demandas do Cons\u00f3rcio para o governador Mauro Carlesse. Nelas, os gestores solicitam a execu\u00e7\u00e3o da a\u00e7\u00e3o do PDRIS, sob responsabilidade da Secretaria de Estado da Fazenda e Planejamento (Sefaz), que estipula o provimento de suporte t\u00e9cnico e executivo para operacionaliza\u00e7\u00e3o da gest\u00e3o administrativa de cons\u00f3rcios intermunicipais.<\/p>\n<p>O desenvolvimento do projeto tem como foco o melhoramento e a conserva\u00e7\u00e3o das rodovias municipais (vicinais), assegurando o desenvolvimento das atividades relacionadas \u00e0 malha vi\u00e1ria dos munic\u00edpios, proporcionando, assim, melhores condi\u00e7\u00f5es de transporte, tanto para o escoamento da produ\u00e7\u00e3o e transporte escolar como para o acesso da popula\u00e7\u00e3o rural \u00e0s sedes dos munic\u00edpios.<\/p>\n<p>\u201cO PDRIS \u00e9 um empr\u00e9stimo do Governo com o Banco Mundial que assegura, entre outros, a constru\u00e7\u00e3o e a recupera\u00e7\u00e3o de estradas. Ele prev\u00ea uma propositura de manuten\u00e7\u00e3o das obras que foram realizadas nas estradas vicinais. A forma\u00e7\u00e3o de um cons\u00f3rcio permite que isso aconte\u00e7a e que possam ser distribu\u00eddas patrulhas mecanizadas para manuten\u00e7\u00e3o, por parte do munic\u00edpio, dessas vias\u201d, disse o prefeito de Porto Nacional e presidente do CI-Lago, Joaquim Maia.<\/p>\n<p>O governador Mauro Carlesse afirmou, aos prefeitos, que vai levar a pauta para ser discutida com o secret\u00e1rio da Sefaz, Sandro Henrique Armando. \u201cVamos resolver essa demanda do cons\u00f3rcio para que as estradas do Tocantins, que foram recuperadas permane\u00e7am em bom estado de conserva\u00e7\u00e3o. Os prefeitos que aqui estiveram sabem que o meu Governo tem o compromisso com o municipalismo e em resolver as quest\u00f5es sem as burocracias que cercam o processo. O nosso compromisso \u00e9 de cada vez mais melhorar a vida das pessoas nos munic\u00edpios\u201d, concluiu.<\/p>\n<p><strong>Presentes<\/strong><\/p>\n<p>O Cons\u00f3rcio CI-Lago \u00e9 formado por sete munic\u00edpios: Palmas, Porto Nacional, Brejinho de Nazar\u00e9, Miracema, Tocant\u00ednia, Lajeado e Ipueiras.<\/p>\n<p>Na reuni\u00e3o com Carlesse, estiveram presentes os prefeitos Joaquim Maia (Porto Nacional), Miyuky Hyashida (Brejinho de Nazar\u00e9), Saulo Milhomem (Miracema), Manoel Silvino (Tocant\u00ednia) e o vice-prefeito de Lajeado Gilberto Borges.<\/p>\n<p><strong>PDRIS<\/strong><\/p>\n<p>O Programa de Desenvolvimento Regional, Integrado e Sustent\u00e1vel beneficia 72 munic\u00edpios contribuindo para a melhoria da competitividade e integra\u00e7\u00e3o regional, promovendo a inclus\u00e3o social e a sustentabilidade ambiental. Fomenta a efic\u00e1cia do transporte rodovi\u00e1rio e dos servi\u00e7os p\u00fablicos em apoio ao desenvolvimento integrado e territorialmente equilibrado do Estado.<\/p>\n<p>O PDRIS \u00e9 uma das principais fontes previstas para investimento no Estado. O Projeto disp\u00f5e de US$ 300 milh\u00f5es de financiamento do Banco Mundial e US$ 75 milh\u00f5es de contrapartida do Governo do Estado.<\/p>\n","protected":false},"excerpt":{"rendered":"<p>O governador Mauro Carlesse se reuniu, nesta segunda-feira, 22, em seu Gabinete, no Pal\u00e1cio Araguaia, com sete prefeitos de munic\u00edpios que integram o Cons\u00f3rcio Intermunicipal para a Gest\u00e3o Compartilhada da Bacia Hidrogr\u00e1fica do M\u00e9dio Tocantins (CI-Lago), onde foi discutida a\u00a0manuten\u00e7\u00e3o de obras do Projeto de Desenvolvimento Regional Integrado e Sustent\u00e1vel (PDRIS). Os prefeitos apresentaram demandas [&hellip;]<\/p>\n","protected":false},"author":2,"featured_media":1651,"comment_status":"open","ping_status":"open","sticky":false,"template":"","format":"standard","meta":[],"categories":[2,3],"tags":[],"_links":{"self":[{"href":"https:\/\/dgospel.com.br\/portal\/index.php\/wp-json\/wp\/v2\/posts\/1654"}],"collection":[{"href":"https:\/\/dgospel.com.br\/portal\/index.php\/wp-json\/wp\/v2\/posts"}],"about":[{"href":"https:\/\/dgospel.com.br\/portal\/index.php\/wp-json\/wp\/v2\/types\/post"}],"author":[{"embeddable":true,"href":"https:\/\/dgospel.com.br\/portal\/index.php\/wp-json\/wp\/v2\/users\/2"}],"replies":[{"embeddable":true,"href":"https:\/\/dgospel.com.br\/portal\/index.php\/wp-json\/wp\/v2\/comments?post=1654"}],"version-history":[{"count":1,"href":"https:\/\/dgospel.com.br\/portal\/index.php\/wp-json\/wp\/v2\/posts\/1654\/revisions"}],"predecessor-version":[{"id":1655,"href":"https:\/\/dgospel.com.br\/portal\/index.php\/wp-json\/wp\/v2\/posts\/1654\/revisions\/1655"}],"wp:featuredmedia":[{"embeddable":true,"href":"https:\/\/dgospel.com.br\/portal\/index.php\/wp-json\/wp\/v2\/media\/1651"}],"wp:attachment":[{"href":"https:\/\/dgospel.com.br\/portal\/index.php\/wp-json\/wp\/v2\/media?parent=1654"}],"wp:term":[{"taxonomy":"category","embeddable":true,"href":"https:\/\/dgospel.com.br\/portal\/index.php\/wp-json\/wp\/v2\/categories?post=1654"},{"taxonomy":"post_tag","embeddable":true,"href":"https:\/\/dgospel.com.br\/portal\/index.php\/wp-json\/wp\/v2\/tags?post=1654"}],"curies":[{"name":"wp","href":"https:\/\/api.w.org\/{rel}","templated":true}]}}