{"id":16541,"date":"2023-07-26T09:27:58","date_gmt":"2023-07-26T12:27:58","guid":{"rendered":"http:\/\/dgospel.com.br\/portal\/?p=16541"},"modified":"2023-07-26T09:27:59","modified_gmt":"2023-07-26T12:27:59","slug":"parlamentares-criam-bancada-nacional-lgbt-para-unir-forcas","status":"publish","type":"post","link":"https:\/\/dgospel.com.br\/portal\/index.php\/2023\/07\/26\/parlamentares-criam-bancada-nacional-lgbt-para-unir-forcas\/","title":{"rendered":"Parlamentares criam Bancada Nacional LGBT para unir for\u00e7as"},"content":{"rendered":"\n<p>Durante o VI Encontro de Lideran\u00e7as Pol\u00edticas LGBT das Am\u00e9ricas e Caribe realizado no M\u00e9xico, parlamentares LGBTQ+ do Brasil lan\u00e7aram a Bancada Nacional LGBTQ+, composta por pol\u00edticos com mandatos municipais, estaduais e federais de diferentes partidos.<\/p>\n\n\n\n<p>O objetivo da bancada \u00e9 unir for\u00e7as e pautar projetos focados na defesa dessa popula\u00e7\u00e3o, lutando contra a viol\u00eancia e criando pol\u00edticas p\u00fablicas tendo por alvo essa comunidade.<\/p>\n\n\n\n<p>\u2013 \u00c9 necess\u00e1rio que o Estado brasileiro reconhe\u00e7a e desenvolva uma pol\u00edtica p\u00fablica de enfrentamento \u00e0 viol\u00eancia pol\u00edtica, tamb\u00e9m em seu car\u00e1ter LGBTf\u00f3bico \u2013 diz trecho do documento de cria\u00e7\u00e3o da bancada.<\/p>\n\n\n\n<p>De acordo com Evorah Cardoso, coordenadora de pesquisa e incid\u00eancia da ONG VoteLGBT, os parlamentares LGBTQ+ enfrentam dois problemas: o primeiro \u00e9 a intoler\u00e2ncia pol\u00edtica que, segundo eles, \u00e9 praticada por partidos de direita; e a segunda \u00e9 o subfinanciamento e a invisibilidade dada a eles nos partidos de esquerda.<\/p>\n\n\n\n<p>Unidos, esses parlamentares desejam unir for\u00e7as e pressionar o governo para pautar projetos que venham a beneficiar essa popula\u00e7\u00e3o, al\u00e9m de enfrentar o que eles chamam de viol\u00eancia pol\u00edtica.<\/p>\n","protected":false},"excerpt":{"rendered":"<p>Durante o VI Encontro de Lideran\u00e7as Pol\u00edticas LGBT das Am\u00e9ricas e Caribe realizado no M\u00e9xico, parlamentares LGBTQ+ do Brasil lan\u00e7aram a Bancada Nacional LGBTQ+, composta por pol\u00edticos com mandatos municipais, estaduais e federais de diferentes partidos. O objetivo da bancada \u00e9 unir for\u00e7as e pautar projetos focados na defesa dessa popula\u00e7\u00e3o, lutando contra a viol\u00eancia [&hellip;]<\/p>\n","protected":false},"author":2,"featured_media":16542,"comment_status":"open","ping_status":"open","sticky":false,"template":"","format":"standard","meta":[],"categories":[10],"tags":[],"_links":{"self":[{"href":"https:\/\/dgospel.com.br\/portal\/index.php\/wp-json\/wp\/v2\/posts\/16541"}],"collection":[{"href":"https:\/\/dgospel.com.br\/portal\/index.php\/wp-json\/wp\/v2\/posts"}],"about":[{"href":"https:\/\/dgospel.com.br\/portal\/index.php\/wp-json\/wp\/v2\/types\/post"}],"author":[{"embeddable":true,"href":"https:\/\/dgospel.com.br\/portal\/index.php\/wp-json\/wp\/v2\/users\/2"}],"replies":[{"embeddable":true,"href":"https:\/\/dgospel.com.br\/portal\/index.php\/wp-json\/wp\/v2\/comments?post=16541"}],"version-history":[{"count":1,"href":"https:\/\/dgospel.com.br\/portal\/index.php\/wp-json\/wp\/v2\/posts\/16541\/revisions"}],"predecessor-version":[{"id":16543,"href":"https:\/\/dgospel.com.br\/portal\/index.php\/wp-json\/wp\/v2\/posts\/16541\/revisions\/16543"}],"wp:featuredmedia":[{"embeddable":true,"href":"https:\/\/dgospel.com.br\/portal\/index.php\/wp-json\/wp\/v2\/media\/16542"}],"wp:attachment":[{"href":"https:\/\/dgospel.com.br\/portal\/index.php\/wp-json\/wp\/v2\/media?parent=16541"}],"wp:term":[{"taxonomy":"category","embeddable":true,"href":"https:\/\/dgospel.com.br\/portal\/index.php\/wp-json\/wp\/v2\/categories?post=16541"},{"taxonomy":"post_tag","embeddable":true,"href":"https:\/\/dgospel.com.br\/portal\/index.php\/wp-json\/wp\/v2\/tags?post=16541"}],"curies":[{"name":"wp","href":"https:\/\/api.w.org\/{rel}","templated":true}]}}