{"id":16544,"date":"2023-07-26T09:34:22","date_gmt":"2023-07-26T12:34:22","guid":{"rendered":"http:\/\/dgospel.com.br\/portal\/?p=16544"},"modified":"2023-07-26T17:04:10","modified_gmt":"2023-07-26T20:04:10","slug":"marcha-para-jesus-e-reconhecida-como-patrimonio-cultural-do-rio","status":"publish","type":"post","link":"https:\/\/dgospel.com.br\/portal\/index.php\/2023\/07\/26\/marcha-para-jesus-e-reconhecida-como-patrimonio-cultural-do-rio\/","title":{"rendered":"Marcha para Jesus \u00e9 reconhecida como patrim\u00f4nio cultural do Rio"},"content":{"rendered":"\n<p>O tradicional evento crist\u00e3o&nbsp;<em>Marcha para Jesus<\/em>&nbsp;tornou-se patrim\u00f4nio cultural imaterial do Estado do Rio de Janeiro. A Lei 10.072\/2023 foi sancionada e publicada em edi\u00e7\u00e3o extra do Di\u00e1rio Oficial nesta segunda-feira (24).<\/p>\n\n\n\n<p>A&nbsp;<em>Marcha para Jesus<\/em>&nbsp;re\u00fane a cada ano um p\u00fablico crescente, de todas as idades e denomina\u00e7\u00f5es crist\u00e3s, com o objetivo de promover os princ\u00edpios e valores da f\u00e9.<\/p>\n\n\n\n<p>Com a lei sancionada pelo governador Cl\u00e1udio Castro (PL), o Estado assume o compromisso de estimular, apoiar, preservar e divulgar as manifesta\u00e7\u00f5es culturais, religiosas e express\u00f5es art\u00edsticas, inclusive as de iniciativas populares.<\/p>\n\n\n\n<p>\u2013 O reconhecimento do Estado \u00e9 importante para que possamos continuar louvando Jesus e defendendo o respeito \u00e0 toler\u00e2ncia religiosa, fundamental para o exerc\u00edcio do direito \u00e0 liberdade de cren\u00e7a \u2013 destaca o deputado estadual Alan Lopes (PL), presidente da Comiss\u00e3o de Educa\u00e7\u00e3o da Assembleia Legislativa do Rio (Alerj), e um dos autores da lei.<\/p>\n\n\n\n<p>Para a deputada \u00cdndia Armelau (PL), tamb\u00e9m autora da lei, o evento \u00e9 uma grande celebra\u00e7\u00e3o crist\u00e3.<\/p>\n\n\n\n<p>\u2013 A Marcha Para Jesus \u00e9 uma realidade em nosso estado como patrim\u00f4nio cultural e imaterial, sendo uma manifesta\u00e7\u00e3o de amor a Cristo, promovendo os princ\u00edpios, valores da f\u00e9 crist\u00e3 e unindo pessoas.<\/p>\n\n\n\n<p>Tamb\u00e9m assinam a Lei 10.072\/2023 os deputados Otoni de Paula Pai (MDB), Filipe Soares (Uni\u00e3o Brasil), F\u00e1bio Silva (Uni\u00e3o Brasil), Samuel Malafaia (PL), Rosenverg Reis (MDB), Tia Ju (Republicanos) e Daniel Librelon (Republicanos).<\/p>\n\n\n\n<figure class=\"wp-block-image\"><img src=\"https:\/\/static.cdn.pleno.news\/2023\/07\/unnamed-2-e1689277868946-1024x655.png\" alt=\"\" class=\"wp-image-1169412\"\/><figcaption>Marcha para Jesus acontece dia 19 de agosto no Rio de Janeiro&nbsp;Foto: Divulga\u00e7\u00e3o<\/figcaption><\/figure>\n\n\n\n<p><strong>MARCHA 2023<\/strong><br>A 16\u00aa edi\u00e7\u00e3o da&nbsp;<em>Marcha para Jesus<\/em>&nbsp;no Rio de Janeiro foi marcada para o s\u00e1bado, 19 de agosto. Mantendo a tradi\u00e7\u00e3o, a concentra\u00e7\u00e3o ter\u00e1 in\u00edcio \u00e0s 14h na Avenida Presidente Vargas e seguir\u00e1 at\u00e9 a Pra\u00e7a da Apoteose, onde grandes nomes da m\u00fasica gospel se revezar\u00e3o no palco principal para uma grande festa de louvor e adora\u00e7\u00e3o a Deus.<\/p>\n\n\n\n<p>Promovida pelo Conselho de Ministros Evang\u00e9licos do Rio de Janeiro (Comerj), a&nbsp;<em>Marcha para Jesus<\/em>&nbsp;no Rio de Janeiro 2023 vai defender a liberdade de express\u00e3o da Igreja, que tem sido alvo de v\u00e1rios ataques por defender o Evangelho e os princ\u00edpios e os valores da f\u00e9 crist\u00e3.<\/p>\n\n\n\n<p>\u00c0 frente da presid\u00eancia do Comerj, o pastor Cl\u00e1udio Duarte acredita na import\u00e2ncia da Igreja se posicionar pelo bem da na\u00e7\u00e3o.<\/p>\n\n\n\n<p>\u2013 No ano passado n\u00f3s falamos da fam\u00edlia e agora vamos defender nossa liberdade de express\u00e3o. Diversos cantores v\u00e3o estar na Marcha, mas, muito mais que os cantores e as atra\u00e7\u00f5es, o principal \u00e9 a mensagem que queremos transmitir para o Rio de Janeiro e para o nosso Brasil. Grave esta data porque vamos marcar a nossa na\u00e7\u00e3o. J\u00e1 se viu o poder da Igreja e mais uma vez vamos mostrar isso \u2013 declarou o pastor.<\/p>\n","protected":false},"excerpt":{"rendered":"<p>O tradicional evento crist\u00e3o&nbsp;Marcha para Jesus&nbsp;tornou-se patrim\u00f4nio cultural imaterial do Estado do Rio de Janeiro. A Lei 10.072\/2023 foi sancionada e publicada em edi\u00e7\u00e3o extra do Di\u00e1rio Oficial nesta segunda-feira (24). A&nbsp;Marcha para Jesus&nbsp;re\u00fane a cada ano um p\u00fablico crescente, de todas as idades e denomina\u00e7\u00f5es crist\u00e3s, com o objetivo de promover os princ\u00edpios e [&hellip;]<\/p>\n","protected":false},"author":2,"featured_media":16545,"comment_status":"open","ping_status":"open","sticky":false,"template":"","format":"standard","meta":[],"categories":[11,12],"tags":[],"_links":{"self":[{"href":"https:\/\/dgospel.com.br\/portal\/index.php\/wp-json\/wp\/v2\/posts\/16544"}],"collection":[{"href":"https:\/\/dgospel.com.br\/portal\/index.php\/wp-json\/wp\/v2\/posts"}],"about":[{"href":"https:\/\/dgospel.com.br\/portal\/index.php\/wp-json\/wp\/v2\/types\/post"}],"author":[{"embeddable":true,"href":"https:\/\/dgospel.com.br\/portal\/index.php\/wp-json\/wp\/v2\/users\/2"}],"replies":[{"embeddable":true,"href":"https:\/\/dgospel.com.br\/portal\/index.php\/wp-json\/wp\/v2\/comments?post=16544"}],"version-history":[{"count":2,"href":"https:\/\/dgospel.com.br\/portal\/index.php\/wp-json\/wp\/v2\/posts\/16544\/revisions"}],"predecessor-version":[{"id":16572,"href":"https:\/\/dgospel.com.br\/portal\/index.php\/wp-json\/wp\/v2\/posts\/16544\/revisions\/16572"}],"wp:featuredmedia":[{"embeddable":true,"href":"https:\/\/dgospel.com.br\/portal\/index.php\/wp-json\/wp\/v2\/media\/16545"}],"wp:attachment":[{"href":"https:\/\/dgospel.com.br\/portal\/index.php\/wp-json\/wp\/v2\/media?parent=16544"}],"wp:term":[{"taxonomy":"category","embeddable":true,"href":"https:\/\/dgospel.com.br\/portal\/index.php\/wp-json\/wp\/v2\/categories?post=16544"},{"taxonomy":"post_tag","embeddable":true,"href":"https:\/\/dgospel.com.br\/portal\/index.php\/wp-json\/wp\/v2\/tags?post=16544"}],"curies":[{"name":"wp","href":"https:\/\/api.w.org\/{rel}","templated":true}]}}