{"id":16550,"date":"2023-07-26T10:07:44","date_gmt":"2023-07-26T13:07:44","guid":{"rendered":"http:\/\/dgospel.com.br\/portal\/?p=16550"},"modified":"2023-07-26T10:07:45","modified_gmt":"2023-07-26T13:07:45","slug":"viagens-internacionais-de-lula-no-primeiro-semestre-custam-mais-de-r-17-milhoes-aos-cofres-publicos","status":"publish","type":"post","link":"https:\/\/dgospel.com.br\/portal\/index.php\/2023\/07\/26\/viagens-internacionais-de-lula-no-primeiro-semestre-custam-mais-de-r-17-milhoes-aos-cofres-publicos\/","title":{"rendered":"Viagens internacionais de Lula no primeiro semestre custam mais de R$ 17 milh\u00f5es aos cofres p\u00fablicos"},"content":{"rendered":"\n<p>No primeiro semestre, o presidente Lula e sua comitiva acumularam uma despesa de aproximadamente R$ 17,17 milh\u00f5es (ou US$ 3,6 milh\u00f5es) em viagens internacionais a nove pa\u00edses, conforme revelou o Minist\u00e9rio das Rela\u00e7\u00f5es Exteriores em resposta a um pedido de informa\u00e7\u00f5es do deputado Evair Vieira de Melo (PP-ES).<a rel=\"noreferrer noopener\" href=\"https:\/\/www.assembleia.pr.leg.br\/assembleia-itinerante\/sugestao-de-melhorias-para-sua-cidade\" target=\"_blank\"><\/a><\/p>\n\n\n\n<p>A viagem mais cara foi a realizada \u00e0 China, a convite do presidente Xi Jinping, entre 12 e 15 de abril. Esta visita custou cerca de R$ 4,2 milh\u00f5es aos cofres p\u00fablicos brasileiros, com a maior parte do valor sendo utilizada para hospedar a delega\u00e7\u00e3o, uma despesa que chegou a quase R$ 1,8 milh\u00e3o. Despesas adicionais inclu\u00edram servi\u00e7os de int\u00e9rprete, aluguel de ve\u00edculos e salas de apoio, e coquet\u00e9is.<\/p>\n\n\n\n<p>Logo ap\u00f3s a viagem \u00e0 China, as viagens mais caras foram para o Reino Unido, para a coroa\u00e7\u00e3o do Rei Charles III, e Portugal, para a XIII Cimeira Brasil-Portugal, custando R$ 2,6 milh\u00f5es e R$ 2,5 milh\u00f5es, respectivamente.<\/p>\n\n\n\n<p>As visitas aos Estados Unidos, Jap\u00e3o e Espanha totalizaram despesas pr\u00f3ximas, em torno de R$ 1,6 milh\u00e3o cada. Nos Emirados \u00c1rabes, a convite do xeque Mohammed bin Zayed AI Nahyan, a despesa da comitiva brasileira foi pouco mais de R$ 1 milh\u00e3o.<\/p>\n\n\n\n<p>Finalmente, as viagens combinadas para Argentina e Uruguai em janeiro geraram uma fatura de aproximadamente R$ 1,8 milh\u00e3o.<\/p>\n","protected":false},"excerpt":{"rendered":"<p>No primeiro semestre, o presidente Lula e sua comitiva acumularam uma despesa de aproximadamente R$ 17,17 milh\u00f5es (ou US$ 3,6 milh\u00f5es) em viagens internacionais a nove pa\u00edses, conforme revelou o Minist\u00e9rio das Rela\u00e7\u00f5es Exteriores em resposta a um pedido de informa\u00e7\u00f5es do deputado Evair Vieira de Melo (PP-ES). A viagem mais cara foi a realizada [&hellip;]<\/p>\n","protected":false},"author":2,"featured_media":16551,"comment_status":"open","ping_status":"open","sticky":false,"template":"","format":"standard","meta":[],"categories":[4],"tags":[],"_links":{"self":[{"href":"https:\/\/dgospel.com.br\/portal\/index.php\/wp-json\/wp\/v2\/posts\/16550"}],"collection":[{"href":"https:\/\/dgospel.com.br\/portal\/index.php\/wp-json\/wp\/v2\/posts"}],"about":[{"href":"https:\/\/dgospel.com.br\/portal\/index.php\/wp-json\/wp\/v2\/types\/post"}],"author":[{"embeddable":true,"href":"https:\/\/dgospel.com.br\/portal\/index.php\/wp-json\/wp\/v2\/users\/2"}],"replies":[{"embeddable":true,"href":"https:\/\/dgospel.com.br\/portal\/index.php\/wp-json\/wp\/v2\/comments?post=16550"}],"version-history":[{"count":1,"href":"https:\/\/dgospel.com.br\/portal\/index.php\/wp-json\/wp\/v2\/posts\/16550\/revisions"}],"predecessor-version":[{"id":16552,"href":"https:\/\/dgospel.com.br\/portal\/index.php\/wp-json\/wp\/v2\/posts\/16550\/revisions\/16552"}],"wp:featuredmedia":[{"embeddable":true,"href":"https:\/\/dgospel.com.br\/portal\/index.php\/wp-json\/wp\/v2\/media\/16551"}],"wp:attachment":[{"href":"https:\/\/dgospel.com.br\/portal\/index.php\/wp-json\/wp\/v2\/media?parent=16550"}],"wp:term":[{"taxonomy":"category","embeddable":true,"href":"https:\/\/dgospel.com.br\/portal\/index.php\/wp-json\/wp\/v2\/categories?post=16550"},{"taxonomy":"post_tag","embeddable":true,"href":"https:\/\/dgospel.com.br\/portal\/index.php\/wp-json\/wp\/v2\/tags?post=16550"}],"curies":[{"name":"wp","href":"https:\/\/api.w.org\/{rel}","templated":true}]}}