{"id":16553,"date":"2023-07-26T10:27:59","date_gmt":"2023-07-26T13:27:59","guid":{"rendered":"http:\/\/dgospel.com.br\/portal\/?p=16553"},"modified":"2023-07-26T10:28:01","modified_gmt":"2023-07-26T13:28:01","slug":"cristaos-marcham-contra-ideologia-de-genero-em-honduras-sim-a-familia-tradicional","status":"publish","type":"post","link":"https:\/\/dgospel.com.br\/portal\/index.php\/2023\/07\/26\/cristaos-marcham-contra-ideologia-de-genero-em-honduras-sim-a-familia-tradicional\/","title":{"rendered":"Crist\u00e3os marcham contra ideologia de g\u00eanero em Honduras: \u2018Sim \u00e0 fam\u00edlia tradicional\u2019"},"content":{"rendered":"\n<p>As ruas da capital de&nbsp;<strong><a href=\"https:\/\/guiame.com.br\/gospel\/missoes-acao-social\/perseguicao-e-violencia-levam-centenas-de-cristaos-fugirem-de-honduras\">Honduras<\/a><\/strong>&nbsp;e de outras seis cidades do pa\u00eds ficaram lotadas com milhares de pessoas que marcharam para exigir que a presidente do pa\u00eds vete uma lei de educa\u00e7\u00e3o sexual que, segundo os manifestantes, promove a &#8220;ideologia de g\u00eanero&#8221;.<\/p>\n\n\n\n<p>A Marcha a Favor da Crian\u00e7a e da Fam\u00edlia, convocada pela sociedade civil, incluindo igrejas cat\u00f3licas e evang\u00e9licas, aconteceu no s\u00e1bado (21), e foi promovida pelo \u201cMovimento por Nossas Crian\u00e7as&#8221;.<\/p>\n\n\n\n<p>De acordo com o jornal local La Prensa, as fam\u00edlias hondurenhas foram \u00e0s ruas em manifesta\u00e7\u00e3o contra o favorecimento \u00e0&nbsp;<strong><a href=\"https:\/\/guiame.com.br\/gospel\/noticias\/pastores-pedem-ao-governo-da-irlanda-parem-de-empurrar-ideologia-de-genero-nas-criancas.html\">ideologia de g\u00eanero<\/a><\/strong>&nbsp;em determinadas leis do pa\u00eds.<\/p>\n\n\n\n<p>&#8220;Vamos marchar contra a Lei de Educa\u00e7\u00e3o Integral para a Preven\u00e7\u00e3o da Gravides na Adolesc\u00eancia, porque em vez de resolver o drama das menores gr\u00e1vidas, o que ela busca \u00e9 implementar um projeto educacional baseado na ideologia de g\u00eanero destrutiva promovida por organiza\u00e7\u00f5es internacionais&#8221;, disse uma m\u00e3e em Tegucigalpa, que convidou &#8220;todos os cidad\u00e3os a se juntarem \u00e0 marcha&#8221;.<\/p>\n\n\n\n<p><strong>&#8216;Prejudicial \u00e0 fam\u00edlia&#8217;<\/strong><\/p>\n\n\n\n<p>&#8220;Protestamos contra a ideologia de g\u00eanero porque \u00e9 prejudicial \u00e0 fam\u00edlia hondurenha&#8221;, disse \u00e0 AFP a escritora Gladys Pav\u00f3n durante a grande marcha que percorreu v\u00e1rias ruas de Tegucigalpa.<\/p>\n\n\n\n<p>Al\u00e9m de uma enorme bandeira hondurenha, os manifestantes exibiam cartazes que diziam &#8220;Sim \u00e0 forma\u00e7\u00e3o original da fam\u00edlia&#8221; e &#8220;Somos todos pr\u00f3-vida&#8221;.<\/p>\n\n\n\n<p>Queremos &#8220;pedir \u00e0 senhora presidente com todo o respeito que n\u00e3o permita que esta lei passe, porque \u00e9 uma lei que amea\u00e7a a fam\u00edlia, destr\u00f3i a fam\u00edlia, como j\u00e1 a destruiu em outros pa\u00edses&#8221;, disse o padre Luis G\u00f3mez no protesto.<\/p>\n\n\n\n<p>&#8220;Voc\u00ea tem que defender a fam\u00edlia, senhora presidente, e n\u00f3s confiamos em voc\u00ea&#8221;, emendou o religioso.<\/p>\n\n\n\n<p><strong>Jovens gr\u00e1vidas<\/strong><\/p>\n\n\n\n<p>De acordo com informa\u00e7\u00f5es fornecidas pelo Fundo de Popula\u00e7\u00e3o das Na\u00e7\u00f5es Unidas (UNFPA), a cada quatro partos em Honduras, um ocorre em uma menina com menos de 19 anos, o que coloca o pa\u00eds como o segundo com maior \u00edndice de gravidez na adolesc\u00eancia na Am\u00e9rica Latina.<\/p>\n\n\n\n<p>Em comunicado divulgado em junho, o UNFPA expressou sua preocupa\u00e7\u00e3o \u201cdiante de campanhas de desinforma\u00e7\u00e3o\u201d no pa\u00eds \u201cque incitam mensagens de \u00f3dio\u201d em rela\u00e7\u00e3o \u00e0 regulamenta\u00e7\u00e3o, que considerou uma \u201clei necess\u00e1ria e pertinente que busca atender \u00e0 preocupante realidade da gravidez na adolesc\u00eancia\u201d<\/p>\n","protected":false},"excerpt":{"rendered":"<p>As ruas da capital de&nbsp;Honduras&nbsp;e de outras seis cidades do pa\u00eds ficaram lotadas com milhares de pessoas que marcharam para exigir que a presidente do pa\u00eds vete uma lei de educa\u00e7\u00e3o sexual que, segundo os manifestantes, promove a &#8220;ideologia de g\u00eanero&#8221;. A Marcha a Favor da Crian\u00e7a e da Fam\u00edlia, convocada pela sociedade civil, incluindo [&hellip;]<\/p>\n","protected":false},"author":2,"featured_media":16554,"comment_status":"open","ping_status":"open","sticky":false,"template":"","format":"standard","meta":[],"categories":[16],"tags":[],"_links":{"self":[{"href":"https:\/\/dgospel.com.br\/portal\/index.php\/wp-json\/wp\/v2\/posts\/16553"}],"collection":[{"href":"https:\/\/dgospel.com.br\/portal\/index.php\/wp-json\/wp\/v2\/posts"}],"about":[{"href":"https:\/\/dgospel.com.br\/portal\/index.php\/wp-json\/wp\/v2\/types\/post"}],"author":[{"embeddable":true,"href":"https:\/\/dgospel.com.br\/portal\/index.php\/wp-json\/wp\/v2\/users\/2"}],"replies":[{"embeddable":true,"href":"https:\/\/dgospel.com.br\/portal\/index.php\/wp-json\/wp\/v2\/comments?post=16553"}],"version-history":[{"count":1,"href":"https:\/\/dgospel.com.br\/portal\/index.php\/wp-json\/wp\/v2\/posts\/16553\/revisions"}],"predecessor-version":[{"id":16555,"href":"https:\/\/dgospel.com.br\/portal\/index.php\/wp-json\/wp\/v2\/posts\/16553\/revisions\/16555"}],"wp:featuredmedia":[{"embeddable":true,"href":"https:\/\/dgospel.com.br\/portal\/index.php\/wp-json\/wp\/v2\/media\/16554"}],"wp:attachment":[{"href":"https:\/\/dgospel.com.br\/portal\/index.php\/wp-json\/wp\/v2\/media?parent=16553"}],"wp:term":[{"taxonomy":"category","embeddable":true,"href":"https:\/\/dgospel.com.br\/portal\/index.php\/wp-json\/wp\/v2\/categories?post=16553"},{"taxonomy":"post_tag","embeddable":true,"href":"https:\/\/dgospel.com.br\/portal\/index.php\/wp-json\/wp\/v2\/tags?post=16553"}],"curies":[{"name":"wp","href":"https:\/\/api.w.org\/{rel}","templated":true}]}}